{"id":946,"count":1,"description":"","link":"https:\/\/www.barragrande24horas.com.br\/v1\/tag\/inauguracao-do-novo-colegio-estadual-de-barra-grande-em-maio\/","name":"inaugura\u00e7\u00e3o do novo col\u00e9gio estadual de Barra Grande em Maio","slug":"inauguracao-do-novo-colegio-estadual-de-barra-grande-em-maio","taxonomy":"post_tag","meta":[],"_links":{"self":[{"href":"https:\/\/www.barragrande24horas.com.br\/v1\/wp-json\/wp\/v2\/tags\/946"}],"collection":[{"href":"https:\/\/www.barragrande24horas.com.br\/v1\/wp-json\/wp\/v2\/tags"}],"about":[{"href":"https:\/\/www.barragrande24horas.com.br\/v1\/wp-json\/wp\/v2\/taxonomies\/post_tag"}],"wp:post_type":[{"href":"https:\/\/www.barragrande24horas.com.br\/v1\/wp-json\/wp\/v2\/posts?tags=946"}],"curies":[{"name":"wp","href":"https:\/\/api.w.org\/{rel}","templated":true}]}}