{"id":924,"count":1,"description":"","link":"https:\/\/www.barragrande24horas.com.br\/v1\/tag\/valdenice-conceicao-conquista-vaga-para-mundial-na-europa-e-mira-olimpiadas\/","name":"Valdenice Concei\u00e7\u00e3o conquista vaga para Mundial na Europa e mira olimp\u00edadas","slug":"valdenice-conceicao-conquista-vaga-para-mundial-na-europa-e-mira-olimpiadas","taxonomy":"post_tag","meta":[],"_links":{"self":[{"href":"https:\/\/www.barragrande24horas.com.br\/v1\/wp-json\/wp\/v2\/tags\/924"}],"collection":[{"href":"https:\/\/www.barragrande24horas.com.br\/v1\/wp-json\/wp\/v2\/tags"}],"about":[{"href":"https:\/\/www.barragrande24horas.com.br\/v1\/wp-json\/wp\/v2\/taxonomies\/post_tag"}],"wp:post_type":[{"href":"https:\/\/www.barragrande24horas.com.br\/v1\/wp-json\/wp\/v2\/posts?tags=924"}],"curies":[{"name":"wp","href":"https:\/\/api.w.org\/{rel}","templated":true}]}}