{"id":4091,"count":1,"description":"","link":"https:\/\/www.barragrande24horas.com.br\/v1\/tag\/marau-comeca-vacinacao-da-covid-19-em-jovens-de-12-a-17-no-cetep-dias-27-e-28\/","name":"MARA\u00da COME\u00c7A VACINA\u00c7\u00c3O DA COVID-19 EM JOVENS DE 12 A 17 NO CETEP DIAS 27 E 28","slug":"marau-comeca-vacinacao-da-covid-19-em-jovens-de-12-a-17-no-cetep-dias-27-e-28","taxonomy":"post_tag","meta":[],"_links":{"self":[{"href":"https:\/\/www.barragrande24horas.com.br\/v1\/wp-json\/wp\/v2\/tags\/4091"}],"collection":[{"href":"https:\/\/www.barragrande24horas.com.br\/v1\/wp-json\/wp\/v2\/tags"}],"about":[{"href":"https:\/\/www.barragrande24horas.com.br\/v1\/wp-json\/wp\/v2\/taxonomies\/post_tag"}],"wp:post_type":[{"href":"https:\/\/www.barragrande24horas.com.br\/v1\/wp-json\/wp\/v2\/posts?tags=4091"}],"curies":[{"name":"wp","href":"https:\/\/api.w.org\/{rel}","templated":true}]}}