{"id":4089,"count":1,"description":"","link":"https:\/\/www.barragrande24horas.com.br\/v1\/tag\/secretarios-da-prefeitura-de-marau-participam-do-forum-estadual-de-educacao-quilombola\/","name":"SECRET\u00c1RIOS DA PREFEITURA DE MARA\u00da PARTICIPAM DO F\u00d3RUM ESTADUAL DE EDUCA\u00c7\u00c3O QUILOMBOLA","slug":"secretarios-da-prefeitura-de-marau-participam-do-forum-estadual-de-educacao-quilombola","taxonomy":"post_tag","meta":[],"_links":{"self":[{"href":"https:\/\/www.barragrande24horas.com.br\/v1\/wp-json\/wp\/v2\/tags\/4089"}],"collection":[{"href":"https:\/\/www.barragrande24horas.com.br\/v1\/wp-json\/wp\/v2\/tags"}],"about":[{"href":"https:\/\/www.barragrande24horas.com.br\/v1\/wp-json\/wp\/v2\/taxonomies\/post_tag"}],"wp:post_type":[{"href":"https:\/\/www.barragrande24horas.com.br\/v1\/wp-json\/wp\/v2\/posts?tags=4089"}],"curies":[{"name":"wp","href":"https:\/\/api.w.org\/{rel}","templated":true}]}}