{"id":3751,"count":1,"description":"","link":"https:\/\/www.barragrande24horas.com.br\/v1\/tag\/teixeira-de-freitas-nao-tera-restricao-das-atividades-comerciais\/","name":"Teixeira de Freitas n\u00e3o ter\u00e1 restri\u00e7\u00e3o das atividades comerciais","slug":"teixeira-de-freitas-nao-tera-restricao-das-atividades-comerciais","taxonomy":"post_tag","meta":[],"_links":{"self":[{"href":"https:\/\/www.barragrande24horas.com.br\/v1\/wp-json\/wp\/v2\/tags\/3751"}],"collection":[{"href":"https:\/\/www.barragrande24horas.com.br\/v1\/wp-json\/wp\/v2\/tags"}],"about":[{"href":"https:\/\/www.barragrande24horas.com.br\/v1\/wp-json\/wp\/v2\/taxonomies\/post_tag"}],"wp:post_type":[{"href":"https:\/\/www.barragrande24horas.com.br\/v1\/wp-json\/wp\/v2\/posts?tags=3751"}],"curies":[{"name":"wp","href":"https:\/\/api.w.org\/{rel}","templated":true}]}}