{"id":3675,"count":1,"description":"","link":"https:\/\/www.barragrande24horas.com.br\/v1\/tag\/bahia-governador-rui-costa-confirma-volta-as-aulas-antes-da-vacinacao-da-maioria-da-populacao\/","name":"BAHIA: GOVERNADOR RUI COSTA CONFIRMA VOLTA \u00c0S AULAS ANTES DA VACINA\u00c7\u00c3O DA MAIORIA DA POPULA\u00c7\u00c3O","slug":"bahia-governador-rui-costa-confirma-volta-as-aulas-antes-da-vacinacao-da-maioria-da-populacao","taxonomy":"post_tag","meta":[],"_links":{"self":[{"href":"https:\/\/www.barragrande24horas.com.br\/v1\/wp-json\/wp\/v2\/tags\/3675"}],"collection":[{"href":"https:\/\/www.barragrande24horas.com.br\/v1\/wp-json\/wp\/v2\/tags"}],"about":[{"href":"https:\/\/www.barragrande24horas.com.br\/v1\/wp-json\/wp\/v2\/taxonomies\/post_tag"}],"wp:post_type":[{"href":"https:\/\/www.barragrande24horas.com.br\/v1\/wp-json\/wp\/v2\/posts?tags=3675"}],"curies":[{"name":"wp","href":"https:\/\/api.w.org\/{rel}","templated":true}]}}