{"id":3644,"count":1,"description":"","link":"https:\/\/www.barragrande24horas.com.br\/v1\/tag\/secretaria-de-educacao-de-marau-sera-entrevistada-na-litoral-fm-95\/","name":"SECRET\u00c1RIA DE EDUCA\u00c7\u00c3O DE MARA\u00da SER\u00c1 ENTREVISTADA NA LITORAL FM 95","slug":"secretaria-de-educacao-de-marau-sera-entrevistada-na-litoral-fm-95","taxonomy":"post_tag","meta":[],"_links":{"self":[{"href":"https:\/\/www.barragrande24horas.com.br\/v1\/wp-json\/wp\/v2\/tags\/3644"}],"collection":[{"href":"https:\/\/www.barragrande24horas.com.br\/v1\/wp-json\/wp\/v2\/tags"}],"about":[{"href":"https:\/\/www.barragrande24horas.com.br\/v1\/wp-json\/wp\/v2\/taxonomies\/post_tag"}],"wp:post_type":[{"href":"https:\/\/www.barragrande24horas.com.br\/v1\/wp-json\/wp\/v2\/posts?tags=3644"}],"curies":[{"name":"wp","href":"https:\/\/api.w.org\/{rel}","templated":true}]}}