{"id":3615,"count":1,"description":"","link":"https:\/\/www.barragrande24horas.com.br\/v1\/tag\/rui-costa-estima-inicio-de-vacinacao-contra-a-covid-19-na-ba-em-no-maximo-30-dias\/","name":"Rui Costa estima in\u00edcio de vacina\u00e7\u00e3o contra a Covid-19 na BA em no m\u00e1ximo 30 dias","slug":"rui-costa-estima-inicio-de-vacinacao-contra-a-covid-19-na-ba-em-no-maximo-30-dias","taxonomy":"post_tag","meta":[],"_links":{"self":[{"href":"https:\/\/www.barragrande24horas.com.br\/v1\/wp-json\/wp\/v2\/tags\/3615"}],"collection":[{"href":"https:\/\/www.barragrande24horas.com.br\/v1\/wp-json\/wp\/v2\/tags"}],"about":[{"href":"https:\/\/www.barragrande24horas.com.br\/v1\/wp-json\/wp\/v2\/taxonomies\/post_tag"}],"wp:post_type":[{"href":"https:\/\/www.barragrande24horas.com.br\/v1\/wp-json\/wp\/v2\/posts?tags=3615"}],"curies":[{"name":"wp","href":"https:\/\/api.w.org\/{rel}","templated":true}]}}