{"id":3600,"count":1,"description":"","link":"https:\/\/www.barragrande24horas.com.br\/v1\/tag\/antonio-de-anizio-e-empossado-como-prefeito-reeleito-de-itacare-e-anuncia-secretariado\/","name":"Ant\u00f4nio de An\u00edzio \u00e9 empossado como prefeito reeleito de Itacar\u00e9 e anuncia secretariado","slug":"antonio-de-anizio-e-empossado-como-prefeito-reeleito-de-itacare-e-anuncia-secretariado","taxonomy":"post_tag","meta":[],"_links":{"self":[{"href":"https:\/\/www.barragrande24horas.com.br\/v1\/wp-json\/wp\/v2\/tags\/3600"}],"collection":[{"href":"https:\/\/www.barragrande24horas.com.br\/v1\/wp-json\/wp\/v2\/tags"}],"about":[{"href":"https:\/\/www.barragrande24horas.com.br\/v1\/wp-json\/wp\/v2\/taxonomies\/post_tag"}],"wp:post_type":[{"href":"https:\/\/www.barragrande24horas.com.br\/v1\/wp-json\/wp\/v2\/posts?tags=3600"}],"curies":[{"name":"wp","href":"https:\/\/api.w.org\/{rel}","templated":true}]}}