{"id":3599,"count":1,"description":"","link":"https:\/\/www.barragrande24horas.com.br\/v1\/tag\/vereador-vado-e-eleito-presidente-da-camara-de-vereadores-de-marau\/","name":"VEREADOR VADO \u00c9 ELEITO PRESIDENTE DA C\u00c2MARA DE VEREADORES DE MARA\u00da","slug":"vereador-vado-e-eleito-presidente-da-camara-de-vereadores-de-marau","taxonomy":"post_tag","meta":[],"_links":{"self":[{"href":"https:\/\/www.barragrande24horas.com.br\/v1\/wp-json\/wp\/v2\/tags\/3599"}],"collection":[{"href":"https:\/\/www.barragrande24horas.com.br\/v1\/wp-json\/wp\/v2\/tags"}],"about":[{"href":"https:\/\/www.barragrande24horas.com.br\/v1\/wp-json\/wp\/v2\/taxonomies\/post_tag"}],"wp:post_type":[{"href":"https:\/\/www.barragrande24horas.com.br\/v1\/wp-json\/wp\/v2\/posts?tags=3599"}],"curies":[{"name":"wp","href":"https:\/\/api.w.org\/{rel}","templated":true}]}}