{"id":344,"count":1,"description":"","link":"https:\/\/www.barragrande24horas.com.br\/v1\/tag\/marau-leo-santana-e-jau-vao-agitar-o-feriadao-da-independencia-em-barra-grande\/","name":"Mara\u00fa: L\u00e9o Santana e Jau v\u00e3o agitar o feriad\u00e3o da Independ\u00eancia em Barra Grande","slug":"marau-leo-santana-e-jau-vao-agitar-o-feriadao-da-independencia-em-barra-grande","taxonomy":"post_tag","meta":[],"_links":{"self":[{"href":"https:\/\/www.barragrande24horas.com.br\/v1\/wp-json\/wp\/v2\/tags\/344"}],"collection":[{"href":"https:\/\/www.barragrande24horas.com.br\/v1\/wp-json\/wp\/v2\/tags"}],"about":[{"href":"https:\/\/www.barragrande24horas.com.br\/v1\/wp-json\/wp\/v2\/taxonomies\/post_tag"}],"wp:post_type":[{"href":"https:\/\/www.barragrande24horas.com.br\/v1\/wp-json\/wp\/v2\/posts?tags=344"}],"curies":[{"name":"wp","href":"https:\/\/api.w.org\/{rel}","templated":true}]}}