{"id":2351,"count":1,"description":"","link":"https:\/\/www.barragrande24horas.com.br\/v1\/tag\/alvorada-e-filarmonica-lira-da-conceicao-marcara-aniversario-de-82-anos-de-marau-dia\/","name":"ALVORADA E FILARM\u00d4NICA LIRA DA CONCEI\u00c7\u00c3O MARCAR\u00c1 ANIVERS\u00c1RIO DE 82 ANOS DE MARA\u00da DIA","slug":"alvorada-e-filarmonica-lira-da-conceicao-marcara-aniversario-de-82-anos-de-marau-dia","taxonomy":"post_tag","meta":[],"_links":{"self":[{"href":"https:\/\/www.barragrande24horas.com.br\/v1\/wp-json\/wp\/v2\/tags\/2351"}],"collection":[{"href":"https:\/\/www.barragrande24horas.com.br\/v1\/wp-json\/wp\/v2\/tags"}],"about":[{"href":"https:\/\/www.barragrande24horas.com.br\/v1\/wp-json\/wp\/v2\/taxonomies\/post_tag"}],"wp:post_type":[{"href":"https:\/\/www.barragrande24horas.com.br\/v1\/wp-json\/wp\/v2\/posts?tags=2351"}],"curies":[{"name":"wp","href":"https:\/\/api.w.org\/{rel}","templated":true}]}}