{"id":2022,"count":1,"description":"","link":"https:\/\/www.barragrande24horas.com.br\/v1\/tag\/guig-ghetto-vai-comandar-primeira-noite-da-festa-de-sao-sebastiao-em-marau\/","name":"Guig Ghetto vai comandar primeira noite da festa de S\u00e3o Sebasti\u00e3o em Mara\u00fa","slug":"guig-ghetto-vai-comandar-primeira-noite-da-festa-de-sao-sebastiao-em-marau","taxonomy":"post_tag","meta":[],"_links":{"self":[{"href":"https:\/\/www.barragrande24horas.com.br\/v1\/wp-json\/wp\/v2\/tags\/2022"}],"collection":[{"href":"https:\/\/www.barragrande24horas.com.br\/v1\/wp-json\/wp\/v2\/tags"}],"about":[{"href":"https:\/\/www.barragrande24horas.com.br\/v1\/wp-json\/wp\/v2\/taxonomies\/post_tag"}],"wp:post_type":[{"href":"https:\/\/www.barragrande24horas.com.br\/v1\/wp-json\/wp\/v2\/posts?tags=2022"}],"curies":[{"name":"wp","href":"https:\/\/api.w.org\/{rel}","templated":true}]}}