{"id":1785,"count":1,"description":"","link":"https:\/\/www.barragrande24horas.com.br\/v1\/tag\/turista-com-manchas-na-pele-apos-banho-de-mar-em-ilheus-piora-e-e-internado\/","name":"Turista com manchas na pele ap\u00f3s banho de mar em Ilh\u00e9us piora e \u00e9 internado","slug":"turista-com-manchas-na-pele-apos-banho-de-mar-em-ilheus-piora-e-e-internado","taxonomy":"post_tag","meta":[],"_links":{"self":[{"href":"https:\/\/www.barragrande24horas.com.br\/v1\/wp-json\/wp\/v2\/tags\/1785"}],"collection":[{"href":"https:\/\/www.barragrande24horas.com.br\/v1\/wp-json\/wp\/v2\/tags"}],"about":[{"href":"https:\/\/www.barragrande24horas.com.br\/v1\/wp-json\/wp\/v2\/taxonomies\/post_tag"}],"wp:post_type":[{"href":"https:\/\/www.barragrande24horas.com.br\/v1\/wp-json\/wp\/v2\/posts?tags=1785"}],"curies":[{"name":"wp","href":"https:\/\/api.w.org\/{rel}","templated":true}]}}