{"id":1517,"count":1,"description":"","link":"https:\/\/www.barragrande24horas.com.br\/v1\/tag\/quatro-das-vitimas-fatais-de-acidente-proximo-ao-trevo-de-urucuca-sao-identificadas\/","name":"Quatro das v\u00edtimas fatais de acidente pr\u00f3ximo ao trevo de Uru\u00e7uca s\u00e3o identificadas","slug":"quatro-das-vitimas-fatais-de-acidente-proximo-ao-trevo-de-urucuca-sao-identificadas","taxonomy":"post_tag","meta":[],"_links":{"self":[{"href":"https:\/\/www.barragrande24horas.com.br\/v1\/wp-json\/wp\/v2\/tags\/1517"}],"collection":[{"href":"https:\/\/www.barragrande24horas.com.br\/v1\/wp-json\/wp\/v2\/tags"}],"about":[{"href":"https:\/\/www.barragrande24horas.com.br\/v1\/wp-json\/wp\/v2\/taxonomies\/post_tag"}],"wp:post_type":[{"href":"https:\/\/www.barragrande24horas.com.br\/v1\/wp-json\/wp\/v2\/posts?tags=1517"}],"curies":[{"name":"wp","href":"https:\/\/api.w.org\/{rel}","templated":true}]}}