{"id":1478,"count":1,"description":"","link":"https:\/\/www.barragrande24horas.com.br\/v1\/tag\/marau-cavalgada-em-comemoracao-ao-dia-dos-pais-reune-cavaleiros-em-piabanha\/","name":"Mara\u00fa: Cavalgada em comemora\u00e7\u00e3o ao dia dos Pais re\u00fane cavaleiros em Piabanha","slug":"marau-cavalgada-em-comemoracao-ao-dia-dos-pais-reune-cavaleiros-em-piabanha","taxonomy":"post_tag","meta":[],"_links":{"self":[{"href":"https:\/\/www.barragrande24horas.com.br\/v1\/wp-json\/wp\/v2\/tags\/1478"}],"collection":[{"href":"https:\/\/www.barragrande24horas.com.br\/v1\/wp-json\/wp\/v2\/tags"}],"about":[{"href":"https:\/\/www.barragrande24horas.com.br\/v1\/wp-json\/wp\/v2\/taxonomies\/post_tag"}],"wp:post_type":[{"href":"https:\/\/www.barragrande24horas.com.br\/v1\/wp-json\/wp\/v2\/posts?tags=1478"}],"curies":[{"name":"wp","href":"https:\/\/api.w.org\/{rel}","templated":true}]}}