{"id":1446,"count":1,"description":"","link":"https:\/\/www.barragrande24horas.com.br\/v1\/tag\/itubera-avanco-da-mare-cria-paredao-de-areia-na-barra-de-serinhaem\/","name":"Ituber\u00e1: Avan\u00e7o da mar\u00e9 cria pared\u00e3o de areia na Barra de Serinha\u00e9m","slug":"itubera-avanco-da-mare-cria-paredao-de-areia-na-barra-de-serinhaem","taxonomy":"post_tag","meta":[],"_links":{"self":[{"href":"https:\/\/www.barragrande24horas.com.br\/v1\/wp-json\/wp\/v2\/tags\/1446"}],"collection":[{"href":"https:\/\/www.barragrande24horas.com.br\/v1\/wp-json\/wp\/v2\/tags"}],"about":[{"href":"https:\/\/www.barragrande24horas.com.br\/v1\/wp-json\/wp\/v2\/taxonomies\/post_tag"}],"wp:post_type":[{"href":"https:\/\/www.barragrande24horas.com.br\/v1\/wp-json\/wp\/v2\/posts?tags=1446"}],"curies":[{"name":"wp","href":"https:\/\/api.w.org\/{rel}","templated":true}]}}