{"id":1285,"count":1,"description":"","link":"https:\/\/www.barragrande24horas.com.br\/v1\/tag\/melaco-de-cana-e-don-roan-vao-agitar-a-ultima-noite-do-sao-pedro-de-taipu-de-dentro-grupo-de-danca-w-e-abre-a-festa\/","name":"Mela\u00e7o de Cana e Don Roan v\u00e3o agitar a \u00faltima noite do S\u00e3o Pedro de Taipu de Dentro; Grupo de Dan\u00e7a W.E abre a festa","slug":"melaco-de-cana-e-don-roan-vao-agitar-a-ultima-noite-do-sao-pedro-de-taipu-de-dentro-grupo-de-danca-w-e-abre-a-festa","taxonomy":"post_tag","meta":[],"_links":{"self":[{"href":"https:\/\/www.barragrande24horas.com.br\/v1\/wp-json\/wp\/v2\/tags\/1285"}],"collection":[{"href":"https:\/\/www.barragrande24horas.com.br\/v1\/wp-json\/wp\/v2\/tags"}],"about":[{"href":"https:\/\/www.barragrande24horas.com.br\/v1\/wp-json\/wp\/v2\/taxonomies\/post_tag"}],"wp:post_type":[{"href":"https:\/\/www.barragrande24horas.com.br\/v1\/wp-json\/wp\/v2\/posts?tags=1285"}],"curies":[{"name":"wp","href":"https:\/\/api.w.org\/{rel}","templated":true}]}}