{"id":1207,"count":1,"description":"","link":"https:\/\/www.barragrande24horas.com.br\/v1\/tag\/marau-vereador-regis-critica-ausencia-de-julio-cesar-em-dia-votacao-de-projeto-de-lei-na-camara\/","name":"Mara\u00fa: Vereador R\u00e9gis critica aus\u00eancia de J\u00falio C\u00e9sar em dia vota\u00e7\u00e3o de projeto de lei na c\u00e2mara","slug":"marau-vereador-regis-critica-ausencia-de-julio-cesar-em-dia-votacao-de-projeto-de-lei-na-camara","taxonomy":"post_tag","meta":[],"_links":{"self":[{"href":"https:\/\/www.barragrande24horas.com.br\/v1\/wp-json\/wp\/v2\/tags\/1207"}],"collection":[{"href":"https:\/\/www.barragrande24horas.com.br\/v1\/wp-json\/wp\/v2\/tags"}],"about":[{"href":"https:\/\/www.barragrande24horas.com.br\/v1\/wp-json\/wp\/v2\/taxonomies\/post_tag"}],"wp:post_type":[{"href":"https:\/\/www.barragrande24horas.com.br\/v1\/wp-json\/wp\/v2\/posts?tags=1207"}],"curies":[{"name":"wp","href":"https:\/\/api.w.org\/{rel}","templated":true}]}}