{"id":1146,"count":1,"description":"","link":"https:\/\/www.barragrande24horas.com.br\/v1\/tag\/por-que-tudo-e-para-itacare-e-marau-nada-questiona-regis-sobre-a-falta-de-apoio-do-governo-da-bahia-nos-eventos-para-marau\/","name":"\"Por que tudo \u00e9 para Itacar\u00e9 e Mara\u00fa nada?\" questiona R\u00e9gis sobre a falta de apoio do Governo da Bahia nos eventos para Mara\u00fa","slug":"por-que-tudo-e-para-itacare-e-marau-nada-questiona-regis-sobre-a-falta-de-apoio-do-governo-da-bahia-nos-eventos-para-marau","taxonomy":"post_tag","meta":[],"_links":{"self":[{"href":"https:\/\/www.barragrande24horas.com.br\/v1\/wp-json\/wp\/v2\/tags\/1146"}],"collection":[{"href":"https:\/\/www.barragrande24horas.com.br\/v1\/wp-json\/wp\/v2\/tags"}],"about":[{"href":"https:\/\/www.barragrande24horas.com.br\/v1\/wp-json\/wp\/v2\/taxonomies\/post_tag"}],"wp:post_type":[{"href":"https:\/\/www.barragrande24horas.com.br\/v1\/wp-json\/wp\/v2\/posts?tags=1146"}],"curies":[{"name":"wp","href":"https:\/\/api.w.org\/{rel}","templated":true}]}}