{"id":1121,"count":1,"description":"","link":"https:\/\/www.barragrande24horas.com.br\/v1\/tag\/maria-gadu-sera-uma-das-atracoes-do-vi-festival-sabores-de-itacare\/","name":"Maria Gad\u00fa ser\u00e1 uma das atra\u00e7\u00f5es do VI Festival Sabores de Itacar\u00e9.","slug":"maria-gadu-sera-uma-das-atracoes-do-vi-festival-sabores-de-itacare","taxonomy":"post_tag","meta":[],"_links":{"self":[{"href":"https:\/\/www.barragrande24horas.com.br\/v1\/wp-json\/wp\/v2\/tags\/1121"}],"collection":[{"href":"https:\/\/www.barragrande24horas.com.br\/v1\/wp-json\/wp\/v2\/tags"}],"about":[{"href":"https:\/\/www.barragrande24horas.com.br\/v1\/wp-json\/wp\/v2\/taxonomies\/post_tag"}],"wp:post_type":[{"href":"https:\/\/www.barragrande24horas.com.br\/v1\/wp-json\/wp\/v2\/posts?tags=1121"}],"curies":[{"name":"wp","href":"https:\/\/api.w.org\/{rel}","templated":true}]}}