{"id":1105,"count":1,"description":"","link":"https:\/\/www.barragrande24horas.com.br\/v1\/tag\/marau-julio-cesar-agradece-prefeita-gracinha-pela-recuperacao-da-estrada-da-santa-maria-e-faz-novas-indicacoes\/","name":"Mara\u00fa: J\u00falio C\u00e9sar agradece prefeita Gracinha pela recupera\u00e7\u00e3o da estrada da Santa Maria e faz novas indica\u00e7\u00f5es","slug":"marau-julio-cesar-agradece-prefeita-gracinha-pela-recuperacao-da-estrada-da-santa-maria-e-faz-novas-indicacoes","taxonomy":"post_tag","meta":[],"_links":{"self":[{"href":"https:\/\/www.barragrande24horas.com.br\/v1\/wp-json\/wp\/v2\/tags\/1105"}],"collection":[{"href":"https:\/\/www.barragrande24horas.com.br\/v1\/wp-json\/wp\/v2\/tags"}],"about":[{"href":"https:\/\/www.barragrande24horas.com.br\/v1\/wp-json\/wp\/v2\/taxonomies\/post_tag"}],"wp:post_type":[{"href":"https:\/\/www.barragrande24horas.com.br\/v1\/wp-json\/wp\/v2\/posts?tags=1105"}],"curies":[{"name":"wp","href":"https:\/\/api.w.org\/{rel}","templated":true}]}}