{"id":1090,"count":1,"description":"","link":"https:\/\/www.barragrande24horas.com.br\/v1\/tag\/empresa-de-jose-victor-oliva-muda-reveillon-n1-do-ceara-para-itacare\/","name":"Empresa de Jos\u00e9 Victor Oliva muda R\u00e9veillon N1 do Cear\u00e1 para Itacar\u00e9.","slug":"empresa-de-jose-victor-oliva-muda-reveillon-n1-do-ceara-para-itacare","taxonomy":"post_tag","meta":[],"_links":{"self":[{"href":"https:\/\/www.barragrande24horas.com.br\/v1\/wp-json\/wp\/v2\/tags\/1090"}],"collection":[{"href":"https:\/\/www.barragrande24horas.com.br\/v1\/wp-json\/wp\/v2\/tags"}],"about":[{"href":"https:\/\/www.barragrande24horas.com.br\/v1\/wp-json\/wp\/v2\/taxonomies\/post_tag"}],"wp:post_type":[{"href":"https:\/\/www.barragrande24horas.com.br\/v1\/wp-json\/wp\/v2\/posts?tags=1090"}],"curies":[{"name":"wp","href":"https:\/\/api.w.org\/{rel}","templated":true}]}}