{"id":144698,"date":"2026-09-03T12:52:12","date_gmt":"2026-09-03T15:52:12","guid":{"rendered":"https:\/\/www.barragrande24horas.com.br\/v1\/?p=144698"},"modified":"2026-09-03T12:52:12","modified_gmt":"2026-09-03T15:52:12","slug":"juiza-titular-de-itacare-e-promovida-por-merecimento-e-itacare-e-marau-voltam-a-ficar-sem-titular","status":"publish","type":"post","link":"https:\/\/www.barragrande24horas.com.br\/v1\/2026\/09\/03\/juiza-titular-de-itacare-e-promovida-por-merecimento-e-itacare-e-marau-voltam-a-ficar-sem-titular\/","title":{"rendered":"JU\u00cdZA TITULAR DE ITACAR\u00c9 \u00c9 PROMOVIDA POR MERECIMENTO, E ITACAR\u00c9 E MARA\u00da VOLTAM A FICAR SEM TITULAR"},"content":{"rendered":"<p style=\"text-align: justify;\">A Comarca de Itacar\u00e9 volta a ficar sem juiz titular ap\u00f3s a promo\u00e7\u00e3o, por merecimento, da Dra. Thatiane Soares para a Vara Criminal da Comarca de Gandu. A magistrada estava \u00e0 frente da unidade desde abril de 2023. <span style=\"font-size: 1.1429rem;\">A mudan\u00e7a tamb\u00e9m afeta Mara\u00fa, que integra a jurisdi\u00e7\u00e3o da Comarca de Itacar\u00e9 e, com a sa\u00edda da magistrada, tamb\u00e9m volta a ficar sem titular.<\/span><\/p>\n<p><img loading=\"lazy\" class=\"alignnone size-full wp-image-144689\" src=\"https:\/\/www.barragrande24horas.com.br\/v1\/wp-content\/uploads\/2026\/09\/2f186375-89f5-4a87-b6d3-a7a537ee8afc.jpeg\" alt=\"\" width=\"800\" height=\"600\" srcset=\"https:\/\/www.barragrande24horas.com.br\/v1\/wp-content\/uploads\/2026\/09\/2f186375-89f5-4a87-b6d3-a7a537ee8afc.jpeg 800w, https:\/\/www.barragrande24horas.com.br\/v1\/wp-content\/uploads\/2026\/09\/2f186375-89f5-4a87-b6d3-a7a537ee8afc-300x225.jpeg 300w, https:\/\/www.barragrande24horas.com.br\/v1\/wp-content\/uploads\/2026\/09\/2f186375-89f5-4a87-b6d3-a7a537ee8afc-768x576.jpeg 768w, https:\/\/www.barragrande24horas.com.br\/v1\/wp-content\/uploads\/2026\/09\/2f186375-89f5-4a87-b6d3-a7a537ee8afc-180x135.jpeg 180w, https:\/\/www.barragrande24horas.com.br\/v1\/wp-content\/uploads\/2026\/09\/2f186375-89f5-4a87-b6d3-a7a537ee8afc-400x300.jpeg 400w, https:\/\/www.barragrande24horas.com.br\/v1\/wp-content\/uploads\/2026\/09\/2f186375-89f5-4a87-b6d3-a7a537ee8afc-600x450.jpeg 600w\" sizes=\"(max-width: 800px) 100vw, 800px\" \/><\/p>\n<p style=\"text-align: justify;\">Durante sua passagem pela comarca, Dra. Thatiane atuou em uma Vara de Jurisdi\u00e7\u00e3o Plena, com compet\u00eancia nas \u00e1reas C\u00edvel, Criminal, Fam\u00edlia, Juizados Especiais, Fazenda P\u00fablica, Inf\u00e2ncia e Juventude e Viol\u00eancia Dom\u00e9stica.<\/p>\n<p style=\"text-align: justify;\"><strong><em>MAIS DE 181 MIL MOVIMENTA\u00c7\u00d5ES PROCESSUAIS<\/em><\/strong><\/p>\n<p style=\"text-align: justify;\">Entre 2024 e 2026, a unidade registrou mais de 181 mil movimenta\u00e7\u00f5es processuais. <span style=\"font-size: 1.1429rem;\">De 4 de abril de 2023 a 1\u00ba de setembro de 2026, foram contabilizadas 11.024 decis\u00f5es, 11.337 despachos, 6.683 senten\u00e7as e julgamentos definitivos e 564 audi\u00eancias, al\u00e9m da baixa definitiva de 7.444 processos.<\/span><\/p>\n<p style=\"text-align: justify;\">A magistrada tamb\u00e9m trabalhou na redu\u00e7\u00e3o do passivo hist\u00f3rico da comarca, com prioridade para processos antigos, incluindo a\u00e7\u00f5es distribu\u00eddas nas d\u00e9cadas de 1970, 1980 e 1990. <span style=\"font-size: 1.1429rem;\">Demandas consideradas sens\u00edveis, como a\u00e7\u00f5es de alimentos, averigua\u00e7\u00e3o de paternidade, div\u00f3rcios e medidas protetivas de urg\u00eancia, tamb\u00e9m estiveram entre as prioridades.<\/span><\/p>\n<p style=\"text-align: justify;\"><strong><em>COMARCA VOLTA A DEPENDER DE JUIZ SUBSTITUTO<\/em><\/strong><\/p>\n<p style=\"text-align: justify;\">Com a promo\u00e7\u00e3o da magistrada, Itacar\u00e9 e Mara\u00fa dever\u00e3o voltar a ser atendidos por juiz substituto. O profissional tamb\u00e9m dever\u00e1 responder pelas comarcas de Uru\u00e7uca e Ubaitaba e acumular atribui\u00e7\u00f5es relacionadas \u00e0 Justi\u00e7a Eleitoral de Itacar\u00e9 e Uru\u00e7uca. <span style=\"font-size: 1.1429rem;\">Antes da chegada da Dra. Thatiane Soares, Itacar\u00e9 havia permanecido aproximadamente dez anos sem juiz titular.<\/span><\/p>\n<p style=\"text-align: justify;\">A promo\u00e7\u00e3o por merecimento representa o reconhecimento \u00e0 atua\u00e7\u00e3o da magistrada durante sua passagem pela comarca. Para Itacar\u00e9 e Mara\u00fa, por\u00e9m, a sa\u00edda abre o desafio de garantir a continuidade dos avan\u00e7os alcan\u00e7ados e a celeridade na presta\u00e7\u00e3o jurisdicional.<\/p>\n","protected":false},"excerpt":{"rendered":"<p>A Comarca de Itacar\u00e9 volta a ficar sem juiz titular ap\u00f3s a promo\u00e7\u00e3o, por merecimento, da Dra. Thatiane Soares para a Vara Criminal da Comarca de Gandu. A magistrada estava \u00e0 frente da unidade desde abril de 2023. A mudan\u00e7a tamb\u00e9m afeta Mara\u00fa, que integra a jurisdi\u00e7\u00e3o da Comarca de Itacar\u00e9 e, com a sa\u00edda da magistrada, tamb\u00e9m volta a ficar sem titular. Durante sua passagem pela comarca, Dra. Thatiane atuou em uma Vara de Jurisdi\u00e7\u00e3o Plena, com compet\u00eancia nas \u00e1reas C\u00edvel, Criminal, Fam\u00edlia, Juizados Especiais, Fazenda P\u00fablica, Inf\u00e2ncia e Juventude e Viol\u00eancia Dom\u00e9stica. MAIS DE 181 MIL MOVIMENTA\u00c7\u00d5ES PROCESSUAIS [&hellip;]<\/p>\n","protected":false},"author":2,"featured_media":144689,"comment_status":"closed","ping_status":"open","sticky":false,"template":"","format":"standard","meta":[],"categories":[28],"tags":[4318],"_links":{"self":[{"href":"https:\/\/www.barragrande24horas.com.br\/v1\/wp-json\/wp\/v2\/posts\/144698"}],"collection":[{"href":"https:\/\/www.barragrande24horas.com.br\/v1\/wp-json\/wp\/v2\/posts"}],"about":[{"href":"https:\/\/www.barragrande24horas.com.br\/v1\/wp-json\/wp\/v2\/types\/post"}],"author":[{"embeddable":true,"href":"https:\/\/www.barragrande24horas.com.br\/v1\/wp-json\/wp\/v2\/users\/2"}],"replies":[{"embeddable":true,"href":"https:\/\/www.barragrande24horas.com.br\/v1\/wp-json\/wp\/v2\/comments?post=144698"}],"version-history":[{"count":1,"href":"https:\/\/www.barragrande24horas.com.br\/v1\/wp-json\/wp\/v2\/posts\/144698\/revisions"}],"predecessor-version":[{"id":144699,"href":"https:\/\/www.barragrande24horas.com.br\/v1\/wp-json\/wp\/v2\/posts\/144698\/revisions\/144699"}],"wp:featuredmedia":[{"embeddable":true,"href":"https:\/\/www.barragrande24horas.com.br\/v1\/wp-json\/wp\/v2\/media\/144689"}],"wp:attachment":[{"href":"https:\/\/www.barragrande24horas.com.br\/v1\/wp-json\/wp\/v2\/media?parent=144698"}],"wp:term":[{"taxonomy":"category","embeddable":true,"href":"https:\/\/www.barragrande24horas.com.br\/v1\/wp-json\/wp\/v2\/categories?post=144698"},{"taxonomy":"post_tag","embeddable":true,"href":"https:\/\/www.barragrande24horas.com.br\/v1\/wp-json\/wp\/v2\/tags?post=144698"}],"curies":[{"name":"wp","href":"https:\/\/api.w.org\/{rel}","templated":true}]}}