{"id":144685,"date":"2026-09-01T13:27:46","date_gmt":"2026-09-01T16:27:46","guid":{"rendered":"https:\/\/www.barragrande24horas.com.br\/v1\/?p=144685"},"modified":"2026-09-01T13:27:46","modified_gmt":"2026-09-01T16:27:46","slug":"camamu-se-prepara-para-celebrar-o-dia-do-evangelico-com-samuel-mariano","status":"publish","type":"post","link":"https:\/\/www.barragrande24horas.com.br\/v1\/2026\/09\/01\/camamu-se-prepara-para-celebrar-o-dia-do-evangelico-com-samuel-mariano\/","title":{"rendered":"CAMAMU SE PREPARA PARA CELEBRAR O DIA DO EVANG\u00c9LICO COM SAMUEL MARIANO"},"content":{"rendered":"<p class=\"p1\" style=\"text-align: justify;\"><span class=\"s1\">Camamu se prepara para celebrar o <\/span><span class=\"s2\">Dia do Evang\u00e9lico<\/span><span class=\"s1\">, em uma programa\u00e7\u00e3o especial marcada por f\u00e9, m\u00fasica e momentos de adora\u00e7\u00e3o. O evento acontece no dia <\/span><span class=\"s2\">17 de setembro<\/span><span class=\"s1\">, a partir das <\/span><span class=\"s2\">18h<\/span><span class=\"s1\">, na <\/span><span class=\"s2\">Pra\u00e7a Dr. Piraj\u00e1 da Silva<\/span><span class=\"s1\">, reunindo fam\u00edlias e a comunidade evang\u00e9lica do munic\u00edpio.<\/span><\/p>\n<p class=\"p1\" style=\"text-align: justify;\"><span class=\"s1\">Entre as atra\u00e7\u00f5es confirmadas est\u00e1 o <\/span><span class=\"s2\">cantor e pastor Samuel Mariano<\/span><span class=\"s1\">, conhecido por seu trabalho na m\u00fasica gospel. A expectativa \u00e9 de uma noite de louvor e da Palavra de Deus. A organiza\u00e7\u00e3o e a prefeitura de Camamu, convida a popula\u00e7\u00e3o para participar do momento e celebrar a data ao lado de familiares e amigos.<\/span><\/p>\n","protected":false},"excerpt":{"rendered":"<p>Camamu se prepara para celebrar o Dia do Evang\u00e9lico, em uma programa\u00e7\u00e3o especial marcada por f\u00e9, m\u00fasica e momentos de adora\u00e7\u00e3o. O evento acontece no dia 17 de setembro, a partir das 18h, na Pra\u00e7a Dr. Piraj\u00e1 da Silva, reunindo fam\u00edlias e a comunidade evang\u00e9lica do munic\u00edpio. Entre as atra\u00e7\u00f5es confirmadas est\u00e1 o cantor e pastor Samuel Mariano, conhecido por seu trabalho na m\u00fasica gospel. A expectativa \u00e9 de uma noite de louvor e da Palavra de Deus. A organiza\u00e7\u00e3o e a prefeitura de Camamu, convida a popula\u00e7\u00e3o para participar do momento e celebrar a data ao lado de familiares [&hellip;]<\/p>\n","protected":false},"author":2,"featured_media":144686,"comment_status":"closed","ping_status":"open","sticky":false,"template":"","format":"standard","meta":[],"categories":[23],"tags":[41],"_links":{"self":[{"href":"https:\/\/www.barragrande24horas.com.br\/v1\/wp-json\/wp\/v2\/posts\/144685"}],"collection":[{"href":"https:\/\/www.barragrande24horas.com.br\/v1\/wp-json\/wp\/v2\/posts"}],"about":[{"href":"https:\/\/www.barragrande24horas.com.br\/v1\/wp-json\/wp\/v2\/types\/post"}],"author":[{"embeddable":true,"href":"https:\/\/www.barragrande24horas.com.br\/v1\/wp-json\/wp\/v2\/users\/2"}],"replies":[{"embeddable":true,"href":"https:\/\/www.barragrande24horas.com.br\/v1\/wp-json\/wp\/v2\/comments?post=144685"}],"version-history":[{"count":1,"href":"https:\/\/www.barragrande24horas.com.br\/v1\/wp-json\/wp\/v2\/posts\/144685\/revisions"}],"predecessor-version":[{"id":144687,"href":"https:\/\/www.barragrande24horas.com.br\/v1\/wp-json\/wp\/v2\/posts\/144685\/revisions\/144687"}],"wp:featuredmedia":[{"embeddable":true,"href":"https:\/\/www.barragrande24horas.com.br\/v1\/wp-json\/wp\/v2\/media\/144686"}],"wp:attachment":[{"href":"https:\/\/www.barragrande24horas.com.br\/v1\/wp-json\/wp\/v2\/media?parent=144685"}],"wp:term":[{"taxonomy":"category","embeddable":true,"href":"https:\/\/www.barragrande24horas.com.br\/v1\/wp-json\/wp\/v2\/categories?post=144685"},{"taxonomy":"post_tag","embeddable":true,"href":"https:\/\/www.barragrande24horas.com.br\/v1\/wp-json\/wp\/v2\/tags?post=144685"}],"curies":[{"name":"wp","href":"https:\/\/api.w.org\/{rel}","templated":true}]}}