{"id":144653,"date":"2026-08-31T15:15:21","date_gmt":"2026-08-31T18:15:21","guid":{"rendered":"https:\/\/www.barragrande24horas.com.br\/v1\/?p=144653"},"modified":"2026-08-31T15:18:30","modified_gmt":"2026-08-31T18:18:30","slug":"dr-ravan-mostra-forca-em-marau-e-declara-apoio-a-reeleicao-de-lula-e-jeronimo","status":"publish","type":"post","link":"https:\/\/www.barragrande24horas.com.br\/v1\/2026\/08\/31\/dr-ravan-mostra-forca-em-marau-e-declara-apoio-a-reeleicao-de-lula-e-jeronimo\/","title":{"rendered":"DR. RAVAN MOSTRA FOR\u00c7A EM MARA\u00da E DECLARA APOIO \u00c0 REELEI\u00c7\u00c3O DE LULA E JER\u00d4NIMO"},"content":{"rendered":"<p class=\"p1\" style=\"text-align: justify;\"><span class=\"s1\">O prefeito de Mara\u00fa, Dr. Ravan, reuniu um grande p\u00fablico neste domingo (30), na sede do munic\u00edpio, em um ato pol\u00edtico que marcou a largada da mobiliza\u00e7\u00e3o em apoio \u00e0 reelei\u00e7\u00e3o do presidente Lula e do governador Jer\u00f4nimo Rodrigues.<\/span><\/p>\n<p><img loading=\"lazy\" class=\"alignnone size-full wp-image-144659\" src=\"https:\/\/www.barragrande24horas.com.br\/v1\/wp-content\/uploads\/2026\/08\/IMG_5774.jpeg\" alt=\"\" width=\"800\" height=\"604\" srcset=\"https:\/\/www.barragrande24horas.com.br\/v1\/wp-content\/uploads\/2026\/08\/IMG_5774.jpeg 800w, https:\/\/www.barragrande24horas.com.br\/v1\/wp-content\/uploads\/2026\/08\/IMG_5774-300x227.jpeg 300w, https:\/\/www.barragrande24horas.com.br\/v1\/wp-content\/uploads\/2026\/08\/IMG_5774-768x580.jpeg 768w, https:\/\/www.barragrande24horas.com.br\/v1\/wp-content\/uploads\/2026\/08\/IMG_5774-180x135.jpeg 180w\" sizes=\"(max-width: 800px) 100vw, 800px\" \/><\/p>\n<p class=\"p1\" style=\"text-align: justify;\"><span class=\"s1\">Durante o evento, Dr. Ravan destacou Jer\u00f4nimo como <\/span><span class=\"s2\">\u201co melhor governador da hist\u00f3ria da Bahia\u201d<\/span><span class=\"s1\"> e afirmou que o governador foi quem mais fez por Mara\u00fa. <\/span><span class=\"s1\" style=\"font-size: 1.1429rem;\">O ato contou com a presen\u00e7a dos deputados <\/span><span class=\"s2\" style=\"font-size: 1.1429rem;\">Diego Coronel, federal, e \u00c2ngelo Coronel Filho, estadual<\/span><span class=\"s1\" style=\"font-size: 1.1429rem;\">, al\u00e9m de vereadores, secret\u00e1rios e lideran\u00e7as.<br \/>\n<\/span><\/p>\n<p><img loading=\"lazy\" class=\"alignnone size-full wp-image-144651\" src=\"https:\/\/www.barragrande24horas.com.br\/v1\/wp-content\/uploads\/2026\/08\/IMG_5769.jpeg\" alt=\"\" width=\"800\" height=\"600\" srcset=\"https:\/\/www.barragrande24horas.com.br\/v1\/wp-content\/uploads\/2026\/08\/IMG_5769.jpeg 800w, https:\/\/www.barragrande24horas.com.br\/v1\/wp-content\/uploads\/2026\/08\/IMG_5769-300x225.jpeg 300w, https:\/\/www.barragrande24horas.com.br\/v1\/wp-content\/uploads\/2026\/08\/IMG_5769-768x576.jpeg 768w, https:\/\/www.barragrande24horas.com.br\/v1\/wp-content\/uploads\/2026\/08\/IMG_5769-180x135.jpeg 180w, https:\/\/www.barragrande24horas.com.br\/v1\/wp-content\/uploads\/2026\/08\/IMG_5769-400x300.jpeg 400w, https:\/\/www.barragrande24horas.com.br\/v1\/wp-content\/uploads\/2026\/08\/IMG_5769-600x450.jpeg 600w\" sizes=\"(max-width: 800px) 100vw, 800px\" \/><\/p>\n<p class=\"p1\" style=\"text-align: justify;\"><span class=\"s1\" style=\"font-size: 1.1429rem;\">Dr. Ravan tamb\u00e9m reafirmou seu apoio ao senador <\/span><span class=\"s2\" style=\"font-size: 1.1429rem;\">\u00c2ngelo Coronel<\/span><span class=\"s1\" style=\"font-size: 1.1429rem;\">, fortalecendo a presen\u00e7a do grupo dos Coron\u00e9is no palanque do prefeito. <\/span><span style=\"font-size: 1.1429rem;\">Com grande participa\u00e7\u00e3o popular, o evento evidenciou a for\u00e7a pol\u00edtica de Dr. Ravan e a mobiliza\u00e7\u00e3o do grupo em Mara\u00fa.<\/span><\/p>\n<p><img loading=\"lazy\" class=\"alignnone size-full wp-image-144656\" src=\"https:\/\/www.barragrande24horas.com.br\/v1\/wp-content\/uploads\/2026\/08\/IMG_5777.jpeg\" alt=\"\" width=\"800\" height=\"643\" srcset=\"https:\/\/www.barragrande24horas.com.br\/v1\/wp-content\/uploads\/2026\/08\/IMG_5777.jpeg 800w, https:\/\/www.barragrande24horas.com.br\/v1\/wp-content\/uploads\/2026\/08\/IMG_5777-300x241.jpeg 300w, https:\/\/www.barragrande24horas.com.br\/v1\/wp-content\/uploads\/2026\/08\/IMG_5777-768x617.jpeg 768w\" sizes=\"(max-width: 800px) 100vw, 800px\" \/><\/p>\n","protected":false},"excerpt":{"rendered":"<p>O prefeito de Mara\u00fa, Dr. Ravan, reuniu um grande p\u00fablico neste domingo (30), na sede do munic\u00edpio, em um ato pol\u00edtico que marcou a largada da mobiliza\u00e7\u00e3o em apoio \u00e0 reelei\u00e7\u00e3o do presidente Lula e do governador Jer\u00f4nimo Rodrigues. Durante o evento, Dr. Ravan destacou Jer\u00f4nimo como \u201co melhor governador da hist\u00f3ria da Bahia\u201d e afirmou que o governador foi quem mais fez por Mara\u00fa. O ato contou com a presen\u00e7a dos deputados Diego Coronel, federal, e \u00c2ngelo Coronel Filho, estadual, al\u00e9m de vereadores, secret\u00e1rios e lideran\u00e7as. Dr. Ravan tamb\u00e9m reafirmou seu apoio ao senador \u00c2ngelo Coronel, fortalecendo a presen\u00e7a [&hellip;]<\/p>\n","protected":false},"author":2,"featured_media":144649,"comment_status":"closed","ping_status":"open","sticky":false,"template":"","format":"standard","meta":[],"categories":[27],"tags":[4271,46],"_links":{"self":[{"href":"https:\/\/www.barragrande24horas.com.br\/v1\/wp-json\/wp\/v2\/posts\/144653"}],"collection":[{"href":"https:\/\/www.barragrande24horas.com.br\/v1\/wp-json\/wp\/v2\/posts"}],"about":[{"href":"https:\/\/www.barragrande24horas.com.br\/v1\/wp-json\/wp\/v2\/types\/post"}],"author":[{"embeddable":true,"href":"https:\/\/www.barragrande24horas.com.br\/v1\/wp-json\/wp\/v2\/users\/2"}],"replies":[{"embeddable":true,"href":"https:\/\/www.barragrande24horas.com.br\/v1\/wp-json\/wp\/v2\/comments?post=144653"}],"version-history":[{"count":3,"href":"https:\/\/www.barragrande24horas.com.br\/v1\/wp-json\/wp\/v2\/posts\/144653\/revisions"}],"predecessor-version":[{"id":144661,"href":"https:\/\/www.barragrande24horas.com.br\/v1\/wp-json\/wp\/v2\/posts\/144653\/revisions\/144661"}],"wp:featuredmedia":[{"embeddable":true,"href":"https:\/\/www.barragrande24horas.com.br\/v1\/wp-json\/wp\/v2\/media\/144649"}],"wp:attachment":[{"href":"https:\/\/www.barragrande24horas.com.br\/v1\/wp-json\/wp\/v2\/media?parent=144653"}],"wp:term":[{"taxonomy":"category","embeddable":true,"href":"https:\/\/www.barragrande24horas.com.br\/v1\/wp-json\/wp\/v2\/categories?post=144653"},{"taxonomy":"post_tag","embeddable":true,"href":"https:\/\/www.barragrande24horas.com.br\/v1\/wp-json\/wp\/v2\/tags?post=144653"}],"curies":[{"name":"wp","href":"https:\/\/api.w.org\/{rel}","templated":true}]}}