{"id":144643,"date":"2026-08-31T14:53:20","date_gmt":"2026-08-31T17:53:20","guid":{"rendered":"https:\/\/www.barragrande24horas.com.br\/v1\/?p=144643"},"modified":"2026-08-31T14:53:20","modified_gmt":"2026-08-31T17:53:20","slug":"diego-coronel-e-angelo-coronel-filho-ja-destinaram-r-12-milhoes-em-emendas-para-marau-destaca-dr-ravan","status":"publish","type":"post","link":"https:\/\/www.barragrande24horas.com.br\/v1\/2026\/08\/31\/diego-coronel-e-angelo-coronel-filho-ja-destinaram-r-12-milhoes-em-emendas-para-marau-destaca-dr-ravan\/","title":{"rendered":"DIEGO CORONEL E \u00c2NGELO CORONEL FILHO J\u00c1 DESTINARAM R$ 12 MILH\u00d5ES EM EMENDAS PARA MARA\u00da, DESTACA DR. RAVAN"},"content":{"rendered":"<p class=\"p1\" style=\"text-align: justify;\"><span class=\"s1\">O prefeito de Mara\u00fa, Dr. Ravan, reuniu uma grande multid\u00e3o neste domingo (30), na sede do munic\u00edpio, em um ato pol\u00edtico que contou com a presen\u00e7a do deputado federal Diego Coronel e do deputado estadual \u00c2ngelo Coronel Filho.<\/span><\/p>\n<p><img loading=\"lazy\" class=\"alignnone size-full wp-image-144650\" src=\"https:\/\/www.barragrande24horas.com.br\/v1\/wp-content\/uploads\/2026\/08\/IMG_5767.jpeg\" alt=\"\" width=\"800\" height=\"828\" srcset=\"https:\/\/www.barragrande24horas.com.br\/v1\/wp-content\/uploads\/2026\/08\/IMG_5767.jpeg 800w, https:\/\/www.barragrande24horas.com.br\/v1\/wp-content\/uploads\/2026\/08\/IMG_5767-290x300.jpeg 290w, https:\/\/www.barragrande24horas.com.br\/v1\/wp-content\/uploads\/2026\/08\/IMG_5767-768x795.jpeg 768w\" sizes=\"(max-width: 800px) 100vw, 800px\" \/><\/p>\n<p class=\"p1\" style=\"text-align: justify;\"><span class=\"s1\">Com a casa cheia, o evento reuniu vereadores, secret\u00e1rios, lideran\u00e7as pol\u00edticas e apoiadores, em uma demonstra\u00e7\u00e3o da for\u00e7a pol\u00edtica do prefeito no munic\u00edpio. <\/span><span class=\"s1\" style=\"font-size: 1.1429rem;\">Durante o ato, Dr. Ravan reafirmou seu apoio aos dois parlamentares e destacou que Diego Coronel e \u00c2ngelo Coronel Filho j\u00e1 destinaram <\/span><span class=\"s2\" style=\"font-size: 1.1429rem;\">R$ 12 milh\u00f5es em emendas para Mara\u00fa<\/span><span class=\"s1\" style=\"font-size: 1.1429rem;\">, contemplando diferentes \u00e1reas.<\/span><\/p>\n<p><img loading=\"lazy\" class=\"alignnone size-full wp-image-144649\" src=\"https:\/\/www.barragrande24horas.com.br\/v1\/wp-content\/uploads\/2026\/08\/IMG_5768.jpeg\" alt=\"\" width=\"800\" height=\"539\" srcset=\"https:\/\/www.barragrande24horas.com.br\/v1\/wp-content\/uploads\/2026\/08\/IMG_5768.jpeg 800w, https:\/\/www.barragrande24horas.com.br\/v1\/wp-content\/uploads\/2026\/08\/IMG_5768-300x202.jpeg 300w, https:\/\/www.barragrande24horas.com.br\/v1\/wp-content\/uploads\/2026\/08\/IMG_5768-768x517.jpeg 768w\" sizes=\"(max-width: 800px) 100vw, 800px\" \/><\/p>\n<p class=\"p1\" style=\"text-align: justify;\"><span class=\"s1\">Com a atua\u00e7\u00e3o e os recursos destinados ao munic\u00edpio, os dois deputados se credenciaram para receber forte vota\u00e7\u00e3o em Mara\u00fa nas pr\u00f3ximas elei\u00e7\u00f5es. A expectativa do grupo do prefeito \u00e9 de que Diego Coronel e \u00c2ngelo Coronel Filho estejam entre os deputados mais votados da hist\u00f3ria do munic\u00edpio.<\/span><\/p>\n<p><img loading=\"lazy\" class=\"alignnone size-full wp-image-144651\" src=\"https:\/\/www.barragrande24horas.com.br\/v1\/wp-content\/uploads\/2026\/08\/IMG_5769.jpeg\" alt=\"\" width=\"800\" height=\"600\" srcset=\"https:\/\/www.barragrande24horas.com.br\/v1\/wp-content\/uploads\/2026\/08\/IMG_5769.jpeg 800w, https:\/\/www.barragrande24horas.com.br\/v1\/wp-content\/uploads\/2026\/08\/IMG_5769-300x225.jpeg 300w, https:\/\/www.barragrande24horas.com.br\/v1\/wp-content\/uploads\/2026\/08\/IMG_5769-768x576.jpeg 768w, https:\/\/www.barragrande24horas.com.br\/v1\/wp-content\/uploads\/2026\/08\/IMG_5769-180x135.jpeg 180w, https:\/\/www.barragrande24horas.com.br\/v1\/wp-content\/uploads\/2026\/08\/IMG_5769-400x300.jpeg 400w, https:\/\/www.barragrande24horas.com.br\/v1\/wp-content\/uploads\/2026\/08\/IMG_5769-600x450.jpeg 600w\" sizes=\"(max-width: 800px) 100vw, 800px\" \/><\/p>\n","protected":false},"excerpt":{"rendered":"<p>O prefeito de Mara\u00fa, Dr. Ravan, reuniu uma grande multid\u00e3o neste domingo (30), na sede do munic\u00edpio, em um ato pol\u00edtico que contou com a presen\u00e7a do deputado federal Diego Coronel e do deputado estadual \u00c2ngelo Coronel Filho. Com a casa cheia, o evento reuniu vereadores, secret\u00e1rios, lideran\u00e7as pol\u00edticas e apoiadores, em uma demonstra\u00e7\u00e3o da for\u00e7a pol\u00edtica do prefeito no munic\u00edpio. Durante o ato, Dr. Ravan reafirmou seu apoio aos dois parlamentares e destacou que Diego Coronel e \u00c2ngelo Coronel Filho j\u00e1 destinaram R$ 12 milh\u00f5es em emendas para Mara\u00fa, contemplando diferentes \u00e1reas. Com a atua\u00e7\u00e3o e os recursos destinados [&hellip;]<\/p>\n","protected":false},"author":2,"featured_media":144648,"comment_status":"closed","ping_status":"open","sticky":false,"template":"","format":"standard","meta":[],"categories":[11],"tags":[4271,46],"_links":{"self":[{"href":"https:\/\/www.barragrande24horas.com.br\/v1\/wp-json\/wp\/v2\/posts\/144643"}],"collection":[{"href":"https:\/\/www.barragrande24horas.com.br\/v1\/wp-json\/wp\/v2\/posts"}],"about":[{"href":"https:\/\/www.barragrande24horas.com.br\/v1\/wp-json\/wp\/v2\/types\/post"}],"author":[{"embeddable":true,"href":"https:\/\/www.barragrande24horas.com.br\/v1\/wp-json\/wp\/v2\/users\/2"}],"replies":[{"embeddable":true,"href":"https:\/\/www.barragrande24horas.com.br\/v1\/wp-json\/wp\/v2\/comments?post=144643"}],"version-history":[{"count":2,"href":"https:\/\/www.barragrande24horas.com.br\/v1\/wp-json\/wp\/v2\/posts\/144643\/revisions"}],"predecessor-version":[{"id":144652,"href":"https:\/\/www.barragrande24horas.com.br\/v1\/wp-json\/wp\/v2\/posts\/144643\/revisions\/144652"}],"wp:featuredmedia":[{"embeddable":true,"href":"https:\/\/www.barragrande24horas.com.br\/v1\/wp-json\/wp\/v2\/media\/144648"}],"wp:attachment":[{"href":"https:\/\/www.barragrande24horas.com.br\/v1\/wp-json\/wp\/v2\/media?parent=144643"}],"wp:term":[{"taxonomy":"category","embeddable":true,"href":"https:\/\/www.barragrande24horas.com.br\/v1\/wp-json\/wp\/v2\/categories?post=144643"},{"taxonomy":"post_tag","embeddable":true,"href":"https:\/\/www.barragrande24horas.com.br\/v1\/wp-json\/wp\/v2\/tags?post=144643"}],"curies":[{"name":"wp","href":"https:\/\/api.w.org\/{rel}","templated":true}]}}