{"id":143075,"date":"2026-05-01T16:08:19","date_gmt":"2026-05-01T19:08:19","guid":{"rendered":"https:\/\/www.barragrande24horas.com.br\/v1\/?p=143075"},"modified":"2026-05-01T16:08:19","modified_gmt":"2026-05-01T19:08:19","slug":"prefeitura-de-ubaitaba-intensifica-combate-a-fome-com-distribuicao-de-cestas-basicas","status":"publish","type":"post","link":"https:\/\/www.barragrande24horas.com.br\/v1\/2026\/05\/01\/prefeitura-de-ubaitaba-intensifica-combate-a-fome-com-distribuicao-de-cestas-basicas\/","title":{"rendered":"PREFEITURA DE UBAITABA INTENSIFICA COMBATE \u00c0 FOME COM DISTRIBUI\u00c7\u00c3O DE CESTAS B\u00c1SICAS"},"content":{"rendered":"<p class=\"p1\" style=\"text-align: justify;\"><span class=\"s1\">A a\u00e7\u00e3o contou com a presen\u00e7a da prefeita Gracinha Viana, que acompanhou de perto a entrega e refor\u00e7ou o compromisso da gest\u00e3o com o bem-estar da popula\u00e7\u00e3o. Durante o momento, a gestora destacou a import\u00e2ncia de pol\u00edticas p\u00fablicas que garantam seguran\u00e7a alimentar e ampliem o cuidado com as fam\u00edlias que mais precisam.<\/span><\/p>\n<p><img loading=\"lazy\" class=\"alignnone size-full wp-image-143076\" src=\"https:\/\/www.barragrande24horas.com.br\/v1\/wp-content\/uploads\/2026\/05\/52840bb5-1892-4929-8711-3d9171e80377.jpeg\" alt=\"\" width=\"800\" height=\"600\" srcset=\"https:\/\/www.barragrande24horas.com.br\/v1\/wp-content\/uploads\/2026\/05\/52840bb5-1892-4929-8711-3d9171e80377.jpeg 800w, https:\/\/www.barragrande24horas.com.br\/v1\/wp-content\/uploads\/2026\/05\/52840bb5-1892-4929-8711-3d9171e80377-300x225.jpeg 300w, https:\/\/www.barragrande24horas.com.br\/v1\/wp-content\/uploads\/2026\/05\/52840bb5-1892-4929-8711-3d9171e80377-768x576.jpeg 768w, https:\/\/www.barragrande24horas.com.br\/v1\/wp-content\/uploads\/2026\/05\/52840bb5-1892-4929-8711-3d9171e80377-180x135.jpeg 180w, https:\/\/www.barragrande24horas.com.br\/v1\/wp-content\/uploads\/2026\/05\/52840bb5-1892-4929-8711-3d9171e80377-400x300.jpeg 400w, https:\/\/www.barragrande24horas.com.br\/v1\/wp-content\/uploads\/2026\/05\/52840bb5-1892-4929-8711-3d9171e80377-600x450.jpeg 600w\" sizes=\"(max-width: 800px) 100vw, 800px\" \/><\/p>\n<p class=\"p1\" style=\"text-align: justify;\"><span class=\"s1\">Mais do que uma a\u00e7\u00e3o pontual, a iniciativa do programa Bahia Sem Fome representa um compromisso cont\u00ednuo com quem mais precisa. Cada cesta entregue carrega o al\u00edvio de uma mesa mais farta e a esperan\u00e7a de dias melhores para dezenas de fam\u00edlias que enfrentam dificuldades di\u00e1rias para garantir o b\u00e1sico.<\/span><\/p>\n<p class=\"p1\" style=\"text-align: justify;\"><span class=\"s1\">Al\u00e9m da distribui\u00e7\u00e3o dos alimentos, a Secretaria de Assist\u00eancia e Desenvolvimento Social tamb\u00e9m promoveu orienta\u00e7\u00f5es sobre direitos e servi\u00e7os p\u00fablicos dispon\u00edveis, refor\u00e7ando que o cuidado vai al\u00e9m da assist\u00eancia imediata. O objetivo \u00e9 ampliar o acesso \u00e0 rede de prote\u00e7\u00e3o social e fortalecer o v\u00ednculo entre o poder p\u00fablico e a popula\u00e7\u00e3o.<\/span><\/p>\n<p class=\"p1\" style=\"text-align: justify;\"><span class=\"s1\">A distribui\u00e7\u00e3o segue crit\u00e9rios t\u00e9cnicos, contemplando fam\u00edlias previamente cadastradas e acompanhadas pela assist\u00eancia social, garantindo mais justi\u00e7a e transpar\u00eancia no processo.<\/span><\/p>\n","protected":false},"excerpt":{"rendered":"<p>A a\u00e7\u00e3o contou com a presen\u00e7a da prefeita Gracinha Viana, que acompanhou de perto a entrega e refor\u00e7ou o compromisso da gest\u00e3o com o bem-estar da popula\u00e7\u00e3o. Durante o momento, a gestora destacou a import\u00e2ncia de pol\u00edticas p\u00fablicas que garantam seguran\u00e7a alimentar e ampliem o cuidado com as fam\u00edlias que mais precisam. Mais do que uma a\u00e7\u00e3o pontual, a iniciativa do programa Bahia Sem Fome representa um compromisso cont\u00ednuo com quem mais precisa. Cada cesta entregue carrega o al\u00edvio de uma mesa mais farta e a esperan\u00e7a de dias melhores para dezenas de fam\u00edlias que enfrentam dificuldades di\u00e1rias para garantir [&hellip;]<\/p>\n","protected":false},"author":2,"featured_media":143077,"comment_status":"closed","ping_status":"open","sticky":false,"template":"","format":"standard","meta":[],"categories":[8],"tags":[],"_links":{"self":[{"href":"https:\/\/www.barragrande24horas.com.br\/v1\/wp-json\/wp\/v2\/posts\/143075"}],"collection":[{"href":"https:\/\/www.barragrande24horas.com.br\/v1\/wp-json\/wp\/v2\/posts"}],"about":[{"href":"https:\/\/www.barragrande24horas.com.br\/v1\/wp-json\/wp\/v2\/types\/post"}],"author":[{"embeddable":true,"href":"https:\/\/www.barragrande24horas.com.br\/v1\/wp-json\/wp\/v2\/users\/2"}],"replies":[{"embeddable":true,"href":"https:\/\/www.barragrande24horas.com.br\/v1\/wp-json\/wp\/v2\/comments?post=143075"}],"version-history":[{"count":1,"href":"https:\/\/www.barragrande24horas.com.br\/v1\/wp-json\/wp\/v2\/posts\/143075\/revisions"}],"predecessor-version":[{"id":143081,"href":"https:\/\/www.barragrande24horas.com.br\/v1\/wp-json\/wp\/v2\/posts\/143075\/revisions\/143081"}],"wp:featuredmedia":[{"embeddable":true,"href":"https:\/\/www.barragrande24horas.com.br\/v1\/wp-json\/wp\/v2\/media\/143077"}],"wp:attachment":[{"href":"https:\/\/www.barragrande24horas.com.br\/v1\/wp-json\/wp\/v2\/media?parent=143075"}],"wp:term":[{"taxonomy":"category","embeddable":true,"href":"https:\/\/www.barragrande24horas.com.br\/v1\/wp-json\/wp\/v2\/categories?post=143075"},{"taxonomy":"post_tag","embeddable":true,"href":"https:\/\/www.barragrande24horas.com.br\/v1\/wp-json\/wp\/v2\/tags?post=143075"}],"curies":[{"name":"wp","href":"https:\/\/api.w.org\/{rel}","templated":true}]}}