{"id":143068,"date":"2026-05-01T00:15:15","date_gmt":"2026-05-01T03:15:15","guid":{"rendered":"https:\/\/www.barragrande24horas.com.br\/v1\/?p=143068"},"modified":"2026-05-01T00:15:15","modified_gmt":"2026-05-01T03:15:15","slug":"ibirapitanga-lanca-educacao-em-tempo-integral-e-amplia-atendimento-em-toda-a-rede-municipal","status":"publish","type":"post","link":"https:\/\/www.barragrande24horas.com.br\/v1\/2026\/05\/01\/ibirapitanga-lanca-educacao-em-tempo-integral-e-amplia-atendimento-em-toda-a-rede-municipal\/","title":{"rendered":"IBIRAPITANGA LAN\u00c7A EDUCA\u00c7\u00c3O EM TEMPO INTEGRAL E AMPLIA ATENDIMENTO EM TODA A REDE MUNICIPAL"},"content":{"rendered":"<p class=\"p1\" style=\"text-align: justify;\"><span class=\"s1\">A Prefeitura de Ibirapitanga, por meio da Secretaria de Educa\u00e7\u00e3o e Cultura, lan\u00e7ou nesta quinta-feira (30) o programa de Educa\u00e7\u00e3o em Tempo Integral (ETI), durante o Encontro da Educa\u00e7\u00e3o. A iniciativa passa a funcionar a partir da pr\u00f3xima segunda-feira (04) e foi apresentada a autoridades, profissionais da rede e oficineiros, marcando um novo avan\u00e7o na educa\u00e7\u00e3o do munic\u00edpio.<\/span><\/p>\n<p class=\"p1\" style=\"text-align: justify;\"><span class=\"s1\"><img loading=\"lazy\" class=\"alignnone size-full wp-image-143073\" src=\"https:\/\/www.barragrande24horas.com.br\/v1\/wp-content\/uploads\/2026\/05\/b150487b-16fa-4af2-b4ef-b9202bdedbd5.jpeg\" alt=\"\" width=\"750\" height=\"1000\" srcset=\"https:\/\/www.barragrande24horas.com.br\/v1\/wp-content\/uploads\/2026\/05\/b150487b-16fa-4af2-b4ef-b9202bdedbd5.jpeg 750w, https:\/\/www.barragrande24horas.com.br\/v1\/wp-content\/uploads\/2026\/05\/b150487b-16fa-4af2-b4ef-b9202bdedbd5-225x300.jpeg 225w\" sizes=\"(max-width: 750px) 100vw, 750px\" \/><\/p>\n<p>Coordenado pela professora Margarida Bispo, o programa atender\u00e1 estudantes de toda a rede municipal, ampliando o tempo de perman\u00eancia na escola e diversificando o aprendizado. O lan\u00e7amento contou com a presen\u00e7a do prefeito J\u00e9 Assun\u00e7\u00e3o, que destacou a import\u00e2ncia do projeto para o desenvolvimento educacional da cidade.<\/span><\/p>\n<p><img loading=\"lazy\" class=\"alignnone size-full wp-image-143072\" src=\"https:\/\/www.barragrande24horas.com.br\/v1\/wp-content\/uploads\/2026\/05\/dba6fef3-f760-4f4a-9547-60793b0d483c.jpeg\" alt=\"\" width=\"750\" height=\"1000\" srcset=\"https:\/\/www.barragrande24horas.com.br\/v1\/wp-content\/uploads\/2026\/05\/dba6fef3-f760-4f4a-9547-60793b0d483c.jpeg 750w, https:\/\/www.barragrande24horas.com.br\/v1\/wp-content\/uploads\/2026\/05\/dba6fef3-f760-4f4a-9547-60793b0d483c-225x300.jpeg 225w\" sizes=\"(max-width: 750px) 100vw, 750px\" \/><\/p>\n<p class=\"p1\" style=\"text-align: justify;\"><span class=\"s1\">Os n\u00fameros mostram a evolu\u00e7\u00e3o do programa: de 148 alunos em 2023 para 1.459 em 2026, um crescimento expressivo que consolida a pol\u00edtica p\u00fablica. A ETI contar\u00e1 com cerca de 60 a 70 oficineiros e 17 modalidades de oficinas, organizadas em tr\u00eas eixos: pedag\u00f3gico, desenvolvimento integral e forma\u00e7\u00e3o profissional, fortalecendo o ensino e ampliando oportunidades para os estudantes.<\/span><\/p>\n<p><img loading=\"lazy\" class=\"alignnone size-full wp-image-143069\" src=\"https:\/\/www.barragrande24horas.com.br\/v1\/wp-content\/uploads\/2026\/05\/24abdd5d-2c13-4ae2-929a-e97a6284f211.jpeg\" alt=\"\" width=\"750\" height=\"1000\" srcset=\"https:\/\/www.barragrande24horas.com.br\/v1\/wp-content\/uploads\/2026\/05\/24abdd5d-2c13-4ae2-929a-e97a6284f211.jpeg 750w, https:\/\/www.barragrande24horas.com.br\/v1\/wp-content\/uploads\/2026\/05\/24abdd5d-2c13-4ae2-929a-e97a6284f211-225x300.jpeg 225w\" sizes=\"(max-width: 750px) 100vw, 750px\" \/><\/p>\n","protected":false},"excerpt":{"rendered":"<p>A Prefeitura de Ibirapitanga, por meio da Secretaria de Educa\u00e7\u00e3o e Cultura, lan\u00e7ou nesta quinta-feira (30) o programa de Educa\u00e7\u00e3o em Tempo Integral (ETI), durante o Encontro da Educa\u00e7\u00e3o. A iniciativa passa a funcionar a partir da pr\u00f3xima segunda-feira (04) e foi apresentada a autoridades, profissionais da rede e oficineiros, marcando um novo avan\u00e7o na educa\u00e7\u00e3o do munic\u00edpio. Coordenado pela professora Margarida Bispo, o programa atender\u00e1 estudantes de toda a rede municipal, ampliando o tempo de perman\u00eancia na escola e diversificando o aprendizado. O lan\u00e7amento contou com a presen\u00e7a do prefeito J\u00e9 Assun\u00e7\u00e3o, que destacou a import\u00e2ncia do projeto para [&hellip;]<\/p>\n","protected":false},"author":2,"featured_media":143069,"comment_status":"closed","ping_status":"open","sticky":false,"template":"","format":"standard","meta":[],"categories":[8],"tags":[],"_links":{"self":[{"href":"https:\/\/www.barragrande24horas.com.br\/v1\/wp-json\/wp\/v2\/posts\/143068"}],"collection":[{"href":"https:\/\/www.barragrande24horas.com.br\/v1\/wp-json\/wp\/v2\/posts"}],"about":[{"href":"https:\/\/www.barragrande24horas.com.br\/v1\/wp-json\/wp\/v2\/types\/post"}],"author":[{"embeddable":true,"href":"https:\/\/www.barragrande24horas.com.br\/v1\/wp-json\/wp\/v2\/users\/2"}],"replies":[{"embeddable":true,"href":"https:\/\/www.barragrande24horas.com.br\/v1\/wp-json\/wp\/v2\/comments?post=143068"}],"version-history":[{"count":1,"href":"https:\/\/www.barragrande24horas.com.br\/v1\/wp-json\/wp\/v2\/posts\/143068\/revisions"}],"predecessor-version":[{"id":143074,"href":"https:\/\/www.barragrande24horas.com.br\/v1\/wp-json\/wp\/v2\/posts\/143068\/revisions\/143074"}],"wp:featuredmedia":[{"embeddable":true,"href":"https:\/\/www.barragrande24horas.com.br\/v1\/wp-json\/wp\/v2\/media\/143069"}],"wp:attachment":[{"href":"https:\/\/www.barragrande24horas.com.br\/v1\/wp-json\/wp\/v2\/media?parent=143068"}],"wp:term":[{"taxonomy":"category","embeddable":true,"href":"https:\/\/www.barragrande24horas.com.br\/v1\/wp-json\/wp\/v2\/categories?post=143068"},{"taxonomy":"post_tag","embeddable":true,"href":"https:\/\/www.barragrande24horas.com.br\/v1\/wp-json\/wp\/v2\/tags?post=143068"}],"curies":[{"name":"wp","href":"https:\/\/api.w.org\/{rel}","templated":true}]}}