{"id":143052,"date":"2026-04-30T21:53:59","date_gmt":"2026-05-01T00:53:59","guid":{"rendered":"https:\/\/www.barragrande24horas.com.br\/v1\/?p=143052"},"modified":"2026-04-30T21:53:59","modified_gmt":"2026-05-01T00:53:59","slug":"comitiva-de-itacare-avanca-em-brasilia-com-agenda-intensa-por-investimentos","status":"publish","type":"post","link":"https:\/\/www.barragrande24horas.com.br\/v1\/2026\/04\/30\/comitiva-de-itacare-avanca-em-brasilia-com-agenda-intensa-por-investimentos\/","title":{"rendered":"COMITIVA DE ITACAR\u00c9 AVAN\u00c7A EM BRAS\u00cdLIA COM AGENDA INTENSA POR INVESTIMENTOS"},"content":{"rendered":"<p class=\"p1\" style=\"text-align: justify;\"><span class=\"s1\">Durante a Marcha dos Vereadores, em Bras\u00edlia, a comitiva de Itacar\u00e9 intensificou agendas institucionais com foco na capta\u00e7\u00e3o de investimentos e parcerias. O grupo re\u00fane o presidente da C\u00e2mara, Renilson, o vice-presidente Pedr\u00e3o, vereadores, o vice-prefeito Z\u00e9 Washington e o secret\u00e1rio Albert Queiroz.<\/span><\/p>\n<p class=\"p1\" style=\"text-align: justify;\"><span class=\"s1\">A programa\u00e7\u00e3o incluiu reuni\u00f5es com deputados federais e com o senador Otto Alencar, refor\u00e7ando o di\u00e1logo pol\u00edtico em torno da destina\u00e7\u00e3o de emendas e novos projetos para o munic\u00edpio.<\/span><\/p>\n<p class=\"p1\" style=\"text-align: justify;\"><span class=\"s1\">A comitiva tamb\u00e9m esteve no Minist\u00e9rio da Agricultura, tratando de a\u00e7\u00f5es para fortalecer a zona rural e apoiar produtores locais, al\u00e9m de reuni\u00e3o na Codevasf para discutir projetos estruturantes voltados \u00e0 infraestrutura.<\/span><\/p>\n<p class=\"p1\" style=\"text-align: justify;\"><span class=\"s1\">O vice-prefeito Z\u00e9 Washington destacou que a agenda representa o esfor\u00e7o conjunto da gest\u00e3o municipal na busca por avan\u00e7os. A expectativa \u00e9 garantir novos investimentos em \u00e1reas essenciais como infraestrutura, agricultura e servi\u00e7os p\u00fablicos.<\/span><\/p>\n","protected":false},"excerpt":{"rendered":"<p>Durante a Marcha dos Vereadores, em Bras\u00edlia, a comitiva de Itacar\u00e9 intensificou agendas institucionais com foco na capta\u00e7\u00e3o de investimentos e parcerias. O grupo re\u00fane o presidente da C\u00e2mara, Renilson, o vice-presidente Pedr\u00e3o, vereadores, o vice-prefeito Z\u00e9 Washington e o secret\u00e1rio Albert Queiroz. A programa\u00e7\u00e3o incluiu reuni\u00f5es com deputados federais e com o senador Otto Alencar, refor\u00e7ando o di\u00e1logo pol\u00edtico em torno da destina\u00e7\u00e3o de emendas e novos projetos para o munic\u00edpio. A comitiva tamb\u00e9m esteve no Minist\u00e9rio da Agricultura, tratando de a\u00e7\u00f5es para fortalecer a zona rural e apoiar produtores locais, al\u00e9m de reuni\u00e3o na Codevasf para discutir projetos [&hellip;]<\/p>\n","protected":false},"author":2,"featured_media":143057,"comment_status":"closed","ping_status":"open","sticky":false,"template":"","format":"standard","meta":[],"categories":[11],"tags":[],"_links":{"self":[{"href":"https:\/\/www.barragrande24horas.com.br\/v1\/wp-json\/wp\/v2\/posts\/143052"}],"collection":[{"href":"https:\/\/www.barragrande24horas.com.br\/v1\/wp-json\/wp\/v2\/posts"}],"about":[{"href":"https:\/\/www.barragrande24horas.com.br\/v1\/wp-json\/wp\/v2\/types\/post"}],"author":[{"embeddable":true,"href":"https:\/\/www.barragrande24horas.com.br\/v1\/wp-json\/wp\/v2\/users\/2"}],"replies":[{"embeddable":true,"href":"https:\/\/www.barragrande24horas.com.br\/v1\/wp-json\/wp\/v2\/comments?post=143052"}],"version-history":[{"count":1,"href":"https:\/\/www.barragrande24horas.com.br\/v1\/wp-json\/wp\/v2\/posts\/143052\/revisions"}],"predecessor-version":[{"id":143060,"href":"https:\/\/www.barragrande24horas.com.br\/v1\/wp-json\/wp\/v2\/posts\/143052\/revisions\/143060"}],"wp:featuredmedia":[{"embeddable":true,"href":"https:\/\/www.barragrande24horas.com.br\/v1\/wp-json\/wp\/v2\/media\/143057"}],"wp:attachment":[{"href":"https:\/\/www.barragrande24horas.com.br\/v1\/wp-json\/wp\/v2\/media?parent=143052"}],"wp:term":[{"taxonomy":"category","embeddable":true,"href":"https:\/\/www.barragrande24horas.com.br\/v1\/wp-json\/wp\/v2\/categories?post=143052"},{"taxonomy":"post_tag","embeddable":true,"href":"https:\/\/www.barragrande24horas.com.br\/v1\/wp-json\/wp\/v2\/tags?post=143052"}],"curies":[{"name":"wp","href":"https:\/\/api.w.org\/{rel}","templated":true}]}}