{"id":143026,"date":"2026-04-29T14:42:56","date_gmt":"2026-04-29T17:42:56","guid":{"rendered":"https:\/\/www.barragrande24horas.com.br\/v1\/?p=143026"},"modified":"2026-04-29T14:42:56","modified_gmt":"2026-04-29T17:42:56","slug":"prefeito-jairo-cruz-articula-sao-joao-e-garante-avancos-em-investimentos-para-camamu-no-governo-do-estado","status":"publish","type":"post","link":"https:\/\/www.barragrande24horas.com.br\/v1\/2026\/04\/29\/prefeito-jairo-cruz-articula-sao-joao-e-garante-avancos-em-investimentos-para-camamu-no-governo-do-estado\/","title":{"rendered":"PREFEITO JAIRO CRUZ ARTICULA S\u00c3O JO\u00c3O E GARANTE AVAN\u00c7OS EM INVESTIMENTOS PARA CAMAMU NO GOVERNO DO ESTADO"},"content":{"rendered":"<p class=\"p1\" style=\"text-align: justify;\"><span class=\"s1\">Em agenda no Governo do Estado, o prefeito de Camamu, Jairo Cruz, ao lado do secret\u00e1rio de Turismo, Eventos e Meio Ambiente, Quievilin Santos, participou de reuni\u00e3o com a chefia de gabinete da Secretaria de Turismo do Estado da Bahia para tratar do fortalecimento do calend\u00e1rio tur\u00edstico e cultural do munic\u00edpio.<\/span><\/p>\n<p class=\"p1\" style=\"text-align: justify;\"><span class=\"s1\">Entre os temas discutidos est\u00e3o os festejos de S\u00e3o Jo\u00e3o, o anivers\u00e1rio da cidade e o avan\u00e7o do projeto do p\u00eder de Ilha Grande, al\u00e9m do fortalecimento do Festival Gastron\u00f4mico de Camamu, iniciativas consideradas estrat\u00e9gicas para impulsionar o turismo e movimentar a economia local.<\/span><\/p>\n<p class=\"p1\" style=\"text-align: justify;\"><span class=\"s1\">A expectativa da gest\u00e3o municipal \u00e9 que Camamu realize o maior S\u00e3o Jo\u00e3o da Costa do Dend\u00ea, com grandes atra\u00e7\u00f5es e uma programa\u00e7\u00e3o capaz de atrair visitantes de toda a regi\u00e3o, fortalecendo a cultura nordestina e gerando emprego e renda para a popula\u00e7\u00e3o.<\/span><\/p>\n","protected":false},"excerpt":{"rendered":"<p>Em agenda no Governo do Estado, o prefeito de Camamu, Jairo Cruz, ao lado do secret\u00e1rio de Turismo, Eventos e Meio Ambiente, Quievilin Santos, participou de reuni\u00e3o com a chefia de gabinete da Secretaria de Turismo do Estado da Bahia para tratar do fortalecimento do calend\u00e1rio tur\u00edstico e cultural do munic\u00edpio. Entre os temas discutidos est\u00e3o os festejos de S\u00e3o Jo\u00e3o, o anivers\u00e1rio da cidade e o avan\u00e7o do projeto do p\u00eder de Ilha Grande, al\u00e9m do fortalecimento do Festival Gastron\u00f4mico de Camamu, iniciativas consideradas estrat\u00e9gicas para impulsionar o turismo e movimentar a economia local. A expectativa da gest\u00e3o municipal [&hellip;]<\/p>\n","protected":false},"author":2,"featured_media":143027,"comment_status":"closed","ping_status":"open","sticky":false,"template":"","format":"standard","meta":[],"categories":[23],"tags":[],"_links":{"self":[{"href":"https:\/\/www.barragrande24horas.com.br\/v1\/wp-json\/wp\/v2\/posts\/143026"}],"collection":[{"href":"https:\/\/www.barragrande24horas.com.br\/v1\/wp-json\/wp\/v2\/posts"}],"about":[{"href":"https:\/\/www.barragrande24horas.com.br\/v1\/wp-json\/wp\/v2\/types\/post"}],"author":[{"embeddable":true,"href":"https:\/\/www.barragrande24horas.com.br\/v1\/wp-json\/wp\/v2\/users\/2"}],"replies":[{"embeddable":true,"href":"https:\/\/www.barragrande24horas.com.br\/v1\/wp-json\/wp\/v2\/comments?post=143026"}],"version-history":[{"count":1,"href":"https:\/\/www.barragrande24horas.com.br\/v1\/wp-json\/wp\/v2\/posts\/143026\/revisions"}],"predecessor-version":[{"id":143028,"href":"https:\/\/www.barragrande24horas.com.br\/v1\/wp-json\/wp\/v2\/posts\/143026\/revisions\/143028"}],"wp:featuredmedia":[{"embeddable":true,"href":"https:\/\/www.barragrande24horas.com.br\/v1\/wp-json\/wp\/v2\/media\/143027"}],"wp:attachment":[{"href":"https:\/\/www.barragrande24horas.com.br\/v1\/wp-json\/wp\/v2\/media?parent=143026"}],"wp:term":[{"taxonomy":"category","embeddable":true,"href":"https:\/\/www.barragrande24horas.com.br\/v1\/wp-json\/wp\/v2\/categories?post=143026"},{"taxonomy":"post_tag","embeddable":true,"href":"https:\/\/www.barragrande24horas.com.br\/v1\/wp-json\/wp\/v2\/tags?post=143026"}],"curies":[{"name":"wp","href":"https:\/\/api.w.org\/{rel}","templated":true}]}}