{"id":142801,"date":"2026-04-07T00:03:15","date_gmt":"2026-04-07T03:03:15","guid":{"rendered":"https:\/\/www.barragrande24horas.com.br\/v1\/?p=142801"},"modified":"2026-04-07T00:03:15","modified_gmt":"2026-04-07T03:03:15","slug":"reuniao-na-secretaria-de-meio-ambiente-do-estado-discute-licenciamento-e-avanco-de-projetos-em-marau-com-presenca-do-prefeito-dr-ravan","status":"publish","type":"post","link":"https:\/\/www.barragrande24horas.com.br\/v1\/2026\/04\/07\/reuniao-na-secretaria-de-meio-ambiente-do-estado-discute-licenciamento-e-avanco-de-projetos-em-marau-com-presenca-do-prefeito-dr-ravan\/","title":{"rendered":"REUNI\u00c3O NA SECRETARIA DE MEIO AMBIENTE DO ESTADO DISCUTE LICENCIAMENTO E AVAN\u00c7O DE PROJETOS EM MARA\u00da COM PRESEN\u00c7A DO PREFEITO DR. RAVAN"},"content":{"rendered":"<p class=\"p1\" style=\"text-align: justify;\"><span class=\"s1\">O prefeito de Mara\u00fa, Dr. Ravan, participou de uma reuni\u00e3o na Secretaria de Meio Ambiente do Estado, em Salvador, com o secret\u00e1rio Eduardo Sodr\u00e9 e equipes t\u00e9cnicas para tratar do andamento das obras estruturantes no munic\u00edpio, incluindo pautas relacionadas \u00e0 BR-030. O encontro tamb\u00e9m contou com a presen\u00e7a dos secret\u00e1rios municipais Francisco, do Meio Ambiente, e Hagmar, do Turismo.<\/span><\/p>\n<p><img loading=\"lazy\" class=\"alignnone size-full wp-image-142804\" src=\"https:\/\/www.barragrande24horas.com.br\/v1\/wp-content\/uploads\/2026\/04\/e63917b2-7bb3-4759-9212-1b90c54593d6.jpeg\" alt=\"\" width=\"800\" height=\"533\" srcset=\"https:\/\/www.barragrande24horas.com.br\/v1\/wp-content\/uploads\/2026\/04\/e63917b2-7bb3-4759-9212-1b90c54593d6.jpeg 800w, https:\/\/www.barragrande24horas.com.br\/v1\/wp-content\/uploads\/2026\/04\/e63917b2-7bb3-4759-9212-1b90c54593d6-300x200.jpeg 300w, https:\/\/www.barragrande24horas.com.br\/v1\/wp-content\/uploads\/2026\/04\/e63917b2-7bb3-4759-9212-1b90c54593d6-768x512.jpeg 768w\" sizes=\"(max-width: 800px) 100vw, 800px\" \/><\/p>\n<p class=\"p1\" style=\"text-align: justify;\"><span class=\"s1\">Durante a reuni\u00e3o, foram discutidos os processos de licenciamento ambiental necess\u00e1rios para viabilizar as interven\u00e7\u00f5es, consideradas fundamentais para o desenvolvimento da cidade. Entre os pontos debatidos, esteve o avan\u00e7o das tratativas envolvendo a BR-030, uma das principais demandas da regi\u00e3o. A gest\u00e3o destacou a import\u00e2ncia do di\u00e1logo com o Estado para garantir mais agilidade nos tr\u00e2mites, sem abrir m\u00e3o da responsabilidade ambiental.<\/span><\/p>\n<p><img loading=\"lazy\" class=\"alignnone size-full wp-image-142805\" src=\"https:\/\/www.barragrande24horas.com.br\/v1\/wp-content\/uploads\/2026\/04\/f4590bd1-b96b-4242-851e-5161d6172d1c.jpeg\" alt=\"\" width=\"800\" height=\"533\" srcset=\"https:\/\/www.barragrande24horas.com.br\/v1\/wp-content\/uploads\/2026\/04\/f4590bd1-b96b-4242-851e-5161d6172d1c.jpeg 800w, https:\/\/www.barragrande24horas.com.br\/v1\/wp-content\/uploads\/2026\/04\/f4590bd1-b96b-4242-851e-5161d6172d1c-300x200.jpeg 300w, https:\/\/www.barragrande24horas.com.br\/v1\/wp-content\/uploads\/2026\/04\/f4590bd1-b96b-4242-851e-5161d6172d1c-768x512.jpeg 768w\" sizes=\"(max-width: 800px) 100vw, 800px\" \/><\/p>\n<p class=\"p1\" style=\"text-align: justify;\"><span class=\"s1\">Mara\u00fa est\u00e1 inserido em uma \u00e1rea de prote\u00e7\u00e3o ambiental, o que exige aten\u00e7\u00e3o redobrada em projetos de infraestrutura. Segundo a Prefeitura, o objetivo \u00e9 assegurar que o crescimento do munic\u00edpio ocorra de forma planejada e sustent\u00e1vel, conciliando avan\u00e7os estruturais com a preserva\u00e7\u00e3o dos recursos naturais.<\/span><\/p>\n<p><img loading=\"lazy\" class=\"alignnone size-full wp-image-142803\" src=\"https:\/\/www.barragrande24horas.com.br\/v1\/wp-content\/uploads\/2026\/04\/118e027e-0ca7-44af-b8d0-d8840f7476f0.jpeg\" alt=\"\" width=\"800\" height=\"533\" srcset=\"https:\/\/www.barragrande24horas.com.br\/v1\/wp-content\/uploads\/2026\/04\/118e027e-0ca7-44af-b8d0-d8840f7476f0.jpeg 800w, https:\/\/www.barragrande24horas.com.br\/v1\/wp-content\/uploads\/2026\/04\/118e027e-0ca7-44af-b8d0-d8840f7476f0-300x200.jpeg 300w, https:\/\/www.barragrande24horas.com.br\/v1\/wp-content\/uploads\/2026\/04\/118e027e-0ca7-44af-b8d0-d8840f7476f0-768x512.jpeg 768w\" sizes=\"(max-width: 800px) 100vw, 800px\" \/><\/p>\n","protected":false},"excerpt":{"rendered":"<p>O prefeito de Mara\u00fa, Dr. Ravan, participou de uma reuni\u00e3o na Secretaria de Meio Ambiente do Estado, em Salvador, com o secret\u00e1rio Eduardo Sodr\u00e9 e equipes t\u00e9cnicas para tratar do andamento das obras estruturantes no munic\u00edpio, incluindo pautas relacionadas \u00e0 BR-030. O encontro tamb\u00e9m contou com a presen\u00e7a dos secret\u00e1rios municipais Francisco, do Meio Ambiente, e Hagmar, do Turismo. Durante a reuni\u00e3o, foram discutidos os processos de licenciamento ambiental necess\u00e1rios para viabilizar as interven\u00e7\u00f5es, consideradas fundamentais para o desenvolvimento da cidade. Entre os pontos debatidos, esteve o avan\u00e7o das tratativas envolvendo a BR-030, uma das principais demandas da regi\u00e3o. A [&hellip;]<\/p>\n","protected":false},"author":2,"featured_media":142806,"comment_status":"closed","ping_status":"open","sticky":false,"template":"","format":"standard","meta":[],"categories":[28],"tags":[],"_links":{"self":[{"href":"https:\/\/www.barragrande24horas.com.br\/v1\/wp-json\/wp\/v2\/posts\/142801"}],"collection":[{"href":"https:\/\/www.barragrande24horas.com.br\/v1\/wp-json\/wp\/v2\/posts"}],"about":[{"href":"https:\/\/www.barragrande24horas.com.br\/v1\/wp-json\/wp\/v2\/types\/post"}],"author":[{"embeddable":true,"href":"https:\/\/www.barragrande24horas.com.br\/v1\/wp-json\/wp\/v2\/users\/2"}],"replies":[{"embeddable":true,"href":"https:\/\/www.barragrande24horas.com.br\/v1\/wp-json\/wp\/v2\/comments?post=142801"}],"version-history":[{"count":2,"href":"https:\/\/www.barragrande24horas.com.br\/v1\/wp-json\/wp\/v2\/posts\/142801\/revisions"}],"predecessor-version":[{"id":142807,"href":"https:\/\/www.barragrande24horas.com.br\/v1\/wp-json\/wp\/v2\/posts\/142801\/revisions\/142807"}],"wp:featuredmedia":[{"embeddable":true,"href":"https:\/\/www.barragrande24horas.com.br\/v1\/wp-json\/wp\/v2\/media\/142806"}],"wp:attachment":[{"href":"https:\/\/www.barragrande24horas.com.br\/v1\/wp-json\/wp\/v2\/media?parent=142801"}],"wp:term":[{"taxonomy":"category","embeddable":true,"href":"https:\/\/www.barragrande24horas.com.br\/v1\/wp-json\/wp\/v2\/categories?post=142801"},{"taxonomy":"post_tag","embeddable":true,"href":"https:\/\/www.barragrande24horas.com.br\/v1\/wp-json\/wp\/v2\/tags?post=142801"}],"curies":[{"name":"wp","href":"https:\/\/api.w.org\/{rel}","templated":true}]}}