{"id":142407,"date":"2026-03-12T22:31:38","date_gmt":"2026-03-13T01:31:38","guid":{"rendered":"https:\/\/www.barragrande24horas.com.br\/v1\/?p=142407"},"modified":"2026-03-12T22:31:38","modified_gmt":"2026-03-13T01:31:38","slug":"ubaitaba-aprc-tera-sede-propria-e-prefeita-gracinha-viana-declara-total-apoio-a-iniciativa","status":"publish","type":"post","link":"https:\/\/www.barragrande24horas.com.br\/v1\/2026\/03\/12\/ubaitaba-aprc-tera-sede-propria-e-prefeita-gracinha-viana-declara-total-apoio-a-iniciativa\/","title":{"rendered":"UBAITABA: APRC TER\u00c1 SEDE PR\u00d3PRIA E PREFEITA GRACINHA VIANA DECLARA TOTAL APOIO \u00c0 INICIATIVA"},"content":{"rendered":"<p class=\"p1\" style=\"text-align: justify;\"><span class=\"s1\">A Prefeitura de Ubaitaba publicou um decreto de desapropria\u00e7\u00e3o de um terreno que ser\u00e1 destinado \u00e0 constru\u00e7\u00e3o da sede pr\u00f3pria da Associa\u00e7\u00e3o Preserve o Rio de Contas (APRC). A iniciativa conta com o apoio da prefeita Gracinha Viana e busca fortalecer as a\u00e7\u00f5es desenvolvidas pela entidade no munic\u00edpio.<\/span><\/p>\n<p class=\"p1\" style=\"text-align: justify;\"><span class=\"s1\">Segundo a gestora, a cria\u00e7\u00e3o da sede representa um avan\u00e7o importante para ampliar os projetos voltados \u00e0 preserva\u00e7\u00e3o do Rio de Contas e ao incentivo ao esporte, especialmente entre crian\u00e7as e jovens da comunidade.<\/span><\/p>\n<p class=\"p1\" style=\"text-align: justify;\"><span class=\"s1\">Representantes da associa\u00e7\u00e3o estiveram no gabinete da prefeita para agradecer pelo apoio e pela publica\u00e7\u00e3o do decreto, que viabiliza o in\u00edcio do projeto da sede pr\u00f3pria.<\/span><\/p>\n<p class=\"p1\" style=\"text-align: justify;\"><span class=\"s1\">A nova estrutura deve contribuir para ampliar as atividades da entidade, fortalecendo iniciativas ligadas \u00e0 preserva\u00e7\u00e3o ambiental, ao esporte e \u00e0 integra\u00e7\u00e3o da comunidade em Ubaitaba.<\/span><\/p>\n","protected":false},"excerpt":{"rendered":"<p>A Prefeitura de Ubaitaba publicou um decreto de desapropria\u00e7\u00e3o de um terreno que ser\u00e1 destinado \u00e0 constru\u00e7\u00e3o da sede pr\u00f3pria da Associa\u00e7\u00e3o Preserve o Rio de Contas (APRC). A iniciativa conta com o apoio da prefeita Gracinha Viana e busca fortalecer as a\u00e7\u00f5es desenvolvidas pela entidade no munic\u00edpio. Segundo a gestora, a cria\u00e7\u00e3o da sede representa um avan\u00e7o importante para ampliar os projetos voltados \u00e0 preserva\u00e7\u00e3o do Rio de Contas e ao incentivo ao esporte, especialmente entre crian\u00e7as e jovens da comunidade. Representantes da associa\u00e7\u00e3o estiveram no gabinete da prefeita para agradecer pelo apoio e pela publica\u00e7\u00e3o do decreto, que [&hellip;]<\/p>\n","protected":false},"author":2,"featured_media":142410,"comment_status":"closed","ping_status":"open","sticky":false,"template":"","format":"standard","meta":[],"categories":[25],"tags":[],"_links":{"self":[{"href":"https:\/\/www.barragrande24horas.com.br\/v1\/wp-json\/wp\/v2\/posts\/142407"}],"collection":[{"href":"https:\/\/www.barragrande24horas.com.br\/v1\/wp-json\/wp\/v2\/posts"}],"about":[{"href":"https:\/\/www.barragrande24horas.com.br\/v1\/wp-json\/wp\/v2\/types\/post"}],"author":[{"embeddable":true,"href":"https:\/\/www.barragrande24horas.com.br\/v1\/wp-json\/wp\/v2\/users\/2"}],"replies":[{"embeddable":true,"href":"https:\/\/www.barragrande24horas.com.br\/v1\/wp-json\/wp\/v2\/comments?post=142407"}],"version-history":[{"count":1,"href":"https:\/\/www.barragrande24horas.com.br\/v1\/wp-json\/wp\/v2\/posts\/142407\/revisions"}],"predecessor-version":[{"id":142412,"href":"https:\/\/www.barragrande24horas.com.br\/v1\/wp-json\/wp\/v2\/posts\/142407\/revisions\/142412"}],"wp:featuredmedia":[{"embeddable":true,"href":"https:\/\/www.barragrande24horas.com.br\/v1\/wp-json\/wp\/v2\/media\/142410"}],"wp:attachment":[{"href":"https:\/\/www.barragrande24horas.com.br\/v1\/wp-json\/wp\/v2\/media?parent=142407"}],"wp:term":[{"taxonomy":"category","embeddable":true,"href":"https:\/\/www.barragrande24horas.com.br\/v1\/wp-json\/wp\/v2\/categories?post=142407"},{"taxonomy":"post_tag","embeddable":true,"href":"https:\/\/www.barragrande24horas.com.br\/v1\/wp-json\/wp\/v2\/tags?post=142407"}],"curies":[{"name":"wp","href":"https:\/\/api.w.org\/{rel}","templated":true}]}}