{"id":142357,"date":"2026-03-06T01:39:54","date_gmt":"2026-03-06T04:39:54","guid":{"rendered":"https:\/\/www.barragrande24horas.com.br\/v1\/?p=142357"},"modified":"2026-03-06T01:41:09","modified_gmt":"2026-03-06T04:41:09","slug":"associacao-esclarece-reforma-no-mercado-de-artesanato-de-camamu-e-desmente-informacoes-distorcidas","status":"publish","type":"post","link":"https:\/\/www.barragrande24horas.com.br\/v1\/2026\/03\/06\/associacao-esclarece-reforma-no-mercado-de-artesanato-de-camamu-e-desmente-informacoes-distorcidas\/","title":{"rendered":"ASSOCIA\u00c7\u00c3O ESCLARECE REFORMA NO MERCADO DE ARTESANATO DE CAMAMU E DESMENTE INFORMA\u00c7\u00d5ES DISTORCIDAS"},"content":{"rendered":"<p class=\"p1\" style=\"text-align: justify;\"><span class=\"s1\">A Associa\u00e7\u00e3o dos Comerciantes do Mercado de Artesanato de Camamu\/BA divulgou uma nota p\u00fablica para esclarecer informa\u00e7\u00f5es que circulam de forma equivocada sobre a reforma do espa\u00e7o.<\/span><\/p>\n<p class=\"p1\" style=\"text-align: justify;\"><span class=\"s1\">Segundo a entidade, presidida por K\u00e1tia Lima, o mercado \u00e9 um bem p\u00fablico municipal e os lojistas que ocupam os boxes pagam uma taxa de concess\u00e3o administrada pela pr\u00f3pria associa\u00e7\u00e3o.<\/span><\/p>\n<p class=\"p1\" style=\"text-align: justify;\"><span class=\"s1\">Os recursos, somados a parcerias com o munic\u00edpio, CDL e apoio da comunidade em eventos beneficentes, est\u00e3o sendo investidos na reforma do pr\u00e9dio. A associa\u00e7\u00e3o afirma que as melhorias j\u00e1 s\u00e3o vis\u00edveis e refor\u00e7a que todo o processo ocorre de forma transparente e colaborativa, fortalecendo o com\u00e9rcio local e valorizando o Mercado de Artesanato de Camamu.<\/span><\/p>\n","protected":false},"excerpt":{"rendered":"<p>A Associa\u00e7\u00e3o dos Comerciantes do Mercado de Artesanato de Camamu\/BA divulgou uma nota p\u00fablica para esclarecer informa\u00e7\u00f5es que circulam de forma equivocada sobre a reforma do espa\u00e7o. Segundo a entidade, presidida por K\u00e1tia Lima, o mercado \u00e9 um bem p\u00fablico municipal e os lojistas que ocupam os boxes pagam uma taxa de concess\u00e3o administrada pela pr\u00f3pria associa\u00e7\u00e3o. Os recursos, somados a parcerias com o munic\u00edpio, CDL e apoio da comunidade em eventos beneficentes, est\u00e3o sendo investidos na reforma do pr\u00e9dio. A associa\u00e7\u00e3o afirma que as melhorias j\u00e1 s\u00e3o vis\u00edveis e refor\u00e7a que todo o processo ocorre de forma transparente e [&hellip;]<\/p>\n","protected":false},"author":2,"featured_media":142358,"comment_status":"closed","ping_status":"open","sticky":false,"template":"","format":"standard","meta":[],"categories":[27],"tags":[],"_links":{"self":[{"href":"https:\/\/www.barragrande24horas.com.br\/v1\/wp-json\/wp\/v2\/posts\/142357"}],"collection":[{"href":"https:\/\/www.barragrande24horas.com.br\/v1\/wp-json\/wp\/v2\/posts"}],"about":[{"href":"https:\/\/www.barragrande24horas.com.br\/v1\/wp-json\/wp\/v2\/types\/post"}],"author":[{"embeddable":true,"href":"https:\/\/www.barragrande24horas.com.br\/v1\/wp-json\/wp\/v2\/users\/2"}],"replies":[{"embeddable":true,"href":"https:\/\/www.barragrande24horas.com.br\/v1\/wp-json\/wp\/v2\/comments?post=142357"}],"version-history":[{"count":3,"href":"https:\/\/www.barragrande24horas.com.br\/v1\/wp-json\/wp\/v2\/posts\/142357\/revisions"}],"predecessor-version":[{"id":142361,"href":"https:\/\/www.barragrande24horas.com.br\/v1\/wp-json\/wp\/v2\/posts\/142357\/revisions\/142361"}],"wp:featuredmedia":[{"embeddable":true,"href":"https:\/\/www.barragrande24horas.com.br\/v1\/wp-json\/wp\/v2\/media\/142358"}],"wp:attachment":[{"href":"https:\/\/www.barragrande24horas.com.br\/v1\/wp-json\/wp\/v2\/media?parent=142357"}],"wp:term":[{"taxonomy":"category","embeddable":true,"href":"https:\/\/www.barragrande24horas.com.br\/v1\/wp-json\/wp\/v2\/categories?post=142357"},{"taxonomy":"post_tag","embeddable":true,"href":"https:\/\/www.barragrande24horas.com.br\/v1\/wp-json\/wp\/v2\/tags?post=142357"}],"curies":[{"name":"wp","href":"https:\/\/api.w.org\/{rel}","templated":true}]}}