{"id":141985,"date":"2026-01-29T07:42:44","date_gmt":"2026-01-29T10:42:44","guid":{"rendered":"https:\/\/www.barragrande24horas.com.br\/v1\/?p=141985"},"modified":"2026-01-29T07:44:30","modified_gmt":"2026-01-29T10:44:30","slug":"em-defesa-do-cacau-gracinha-viana-participa-de-manifestacao-em-ilheus-ao-lado-de-agricultores-de-ubaitaba","status":"publish","type":"post","link":"https:\/\/www.barragrande24horas.com.br\/v1\/2026\/01\/29\/em-defesa-do-cacau-gracinha-viana-participa-de-manifestacao-em-ilheus-ao-lado-de-agricultores-de-ubaitaba\/","title":{"rendered":"EM DEFESA DO CACAU: GRACINHA VIANA PARTICIPA DE MANIFESTA\u00c7\u00c3O EM ILH\u00c9US AO LADO DE AGRICULTORES DE UBAITABA"},"content":{"rendered":"<p style=\"text-align: justify;\">A prefeita de Ubaitaba, Gracinha Viana, participou nesta quarta-feira (28), em Ilh\u00e9us, de uma manifesta\u00e7\u00e3o pac\u00edfica em defesa do cacau brasileiro e dos produtores do Sul da Bahia. O ato reuniu cacauicultores, agricultores familiares e representantes de diversas cidades da regi\u00e3o, mobilizados contra medidas que amea\u00e7am a produ\u00e7\u00e3o nacional.<\/p>\n<p><img loading=\"lazy\" class=\"aligncenter wp-image-141992 size-full\" src=\"https:\/\/www.barragrande24horas.com.br\/v1\/wp-content\/uploads\/2026\/01\/7ca6660d-8f78-4a36-9064-aaf8d617d6e6.jpeg\" alt=\"\" width=\"800\" height=\"600\" srcset=\"https:\/\/www.barragrande24horas.com.br\/v1\/wp-content\/uploads\/2026\/01\/7ca6660d-8f78-4a36-9064-aaf8d617d6e6.jpeg 800w, https:\/\/www.barragrande24horas.com.br\/v1\/wp-content\/uploads\/2026\/01\/7ca6660d-8f78-4a36-9064-aaf8d617d6e6-300x225.jpeg 300w, https:\/\/www.barragrande24horas.com.br\/v1\/wp-content\/uploads\/2026\/01\/7ca6660d-8f78-4a36-9064-aaf8d617d6e6-768x576.jpeg 768w, https:\/\/www.barragrande24horas.com.br\/v1\/wp-content\/uploads\/2026\/01\/7ca6660d-8f78-4a36-9064-aaf8d617d6e6-180x135.jpeg 180w, https:\/\/www.barragrande24horas.com.br\/v1\/wp-content\/uploads\/2026\/01\/7ca6660d-8f78-4a36-9064-aaf8d617d6e6-400x300.jpeg 400w, https:\/\/www.barragrande24horas.com.br\/v1\/wp-content\/uploads\/2026\/01\/7ca6660d-8f78-4a36-9064-aaf8d617d6e6-600x450.jpeg 600w\" sizes=\"(max-width: 800px) 100vw, 800px\" \/><\/p>\n<p style=\"text-align: justify;\">Ao lado de uma comitiva de agricultores familiares de Ubaitaba, Gracinha refor\u00e7ou a import\u00e2ncia do cacau como base econ\u00f4mica, cultural e social da regi\u00e3o cacaueira. Segundo a prefeita, a luta vai al\u00e9m da produ\u00e7\u00e3o agr\u00edcola e representa a defesa da identidade, do trabalho e do sustento de milhares de fam\u00edlias.<\/p>\n<p><img loading=\"lazy\" class=\"aligncenter wp-image-141990 size-full\" src=\"https:\/\/www.barragrande24horas.com.br\/v1\/wp-content\/uploads\/2026\/01\/af8e1eed-3aa0-45e1-adda-765b9cfcf3de.jpeg\" alt=\"\" width=\"800\" height=\"600\" srcset=\"https:\/\/www.barragrande24horas.com.br\/v1\/wp-content\/uploads\/2026\/01\/af8e1eed-3aa0-45e1-adda-765b9cfcf3de.jpeg 800w, https:\/\/www.barragrande24horas.com.br\/v1\/wp-content\/uploads\/2026\/01\/af8e1eed-3aa0-45e1-adda-765b9cfcf3de-300x225.jpeg 300w, https:\/\/www.barragrande24horas.com.br\/v1\/wp-content\/uploads\/2026\/01\/af8e1eed-3aa0-45e1-adda-765b9cfcf3de-768x576.jpeg 768w, https:\/\/www.barragrande24horas.com.br\/v1\/wp-content\/uploads\/2026\/01\/af8e1eed-3aa0-45e1-adda-765b9cfcf3de-180x135.jpeg 180w, https:\/\/www.barragrande24horas.com.br\/v1\/wp-content\/uploads\/2026\/01\/af8e1eed-3aa0-45e1-adda-765b9cfcf3de-400x300.jpeg 400w, https:\/\/www.barragrande24horas.com.br\/v1\/wp-content\/uploads\/2026\/01\/af8e1eed-3aa0-45e1-adda-765b9cfcf3de-600x450.jpeg 600w\" sizes=\"(max-width: 800px) 100vw, 800px\" \/><\/p>\n<p style=\"text-align: justify;\">\u201cO cacau \u00e9 identidade, trabalho e sustento para o nosso povo. Seguimos firmes, unidos e dialogando, em defesa da valoriza\u00e7\u00e3o do produtor rural e do fortalecimento da regi\u00e3o cacaueira\u201d, destacou.<\/p>\n<p><img loading=\"lazy\" class=\"aligncenter wp-image-141987 size-full\" src=\"https:\/\/www.barragrande24horas.com.br\/v1\/wp-content\/uploads\/2026\/01\/65ce3906-5290-4fae-b9f7-1f1e99e2c7a5.jpeg\" alt=\"\" width=\"800\" height=\"600\" srcset=\"https:\/\/www.barragrande24horas.com.br\/v1\/wp-content\/uploads\/2026\/01\/65ce3906-5290-4fae-b9f7-1f1e99e2c7a5.jpeg 800w, https:\/\/www.barragrande24horas.com.br\/v1\/wp-content\/uploads\/2026\/01\/65ce3906-5290-4fae-b9f7-1f1e99e2c7a5-300x225.jpeg 300w, https:\/\/www.barragrande24horas.com.br\/v1\/wp-content\/uploads\/2026\/01\/65ce3906-5290-4fae-b9f7-1f1e99e2c7a5-768x576.jpeg 768w, https:\/\/www.barragrande24horas.com.br\/v1\/wp-content\/uploads\/2026\/01\/65ce3906-5290-4fae-b9f7-1f1e99e2c7a5-180x135.jpeg 180w, https:\/\/www.barragrande24horas.com.br\/v1\/wp-content\/uploads\/2026\/01\/65ce3906-5290-4fae-b9f7-1f1e99e2c7a5-400x300.jpeg 400w, https:\/\/www.barragrande24horas.com.br\/v1\/wp-content\/uploads\/2026\/01\/65ce3906-5290-4fae-b9f7-1f1e99e2c7a5-600x450.jpeg 600w\" sizes=\"(max-width: 800px) 100vw, 800px\" \/><\/p>\n<p style=\"text-align: justify;\">A manifesta\u00e7\u00e3o teve como objetivo chamar a aten\u00e7\u00e3o das autoridades para a necessidade de pol\u00edticas p\u00fablicas que protejam o cacau brasileiro, garantam pre\u00e7os justos e fortale\u00e7am a agricultura familiar, considerada fundamental para o desenvolvimento econ\u00f4mico e social do Sul da Bahia.<\/p>\n<p>&nbsp;<\/p>\n","protected":false},"excerpt":{"rendered":"<p>A prefeita de Ubaitaba, Gracinha Viana, participou nesta quarta-feira (28), em Ilh\u00e9us, de uma manifesta\u00e7\u00e3o pac\u00edfica em defesa do cacau brasileiro e dos produtores do Sul da Bahia. O ato reuniu cacauicultores, agricultores familiares e representantes de diversas cidades da regi\u00e3o, mobilizados contra medidas que amea\u00e7am a produ\u00e7\u00e3o nacional. Ao lado de uma comitiva de agricultores familiares de Ubaitaba, Gracinha refor\u00e7ou a import\u00e2ncia do cacau como base econ\u00f4mica, cultural e social da regi\u00e3o cacaueira. Segundo a prefeita, a luta vai al\u00e9m da produ\u00e7\u00e3o agr\u00edcola e representa a defesa da identidade, do trabalho e do sustento de milhares de fam\u00edlias. \u201cO [&hellip;]<\/p>\n","protected":false},"author":2,"featured_media":141993,"comment_status":"closed","ping_status":"open","sticky":false,"template":"","format":"standard","meta":[],"categories":[8],"tags":[],"_links":{"self":[{"href":"https:\/\/www.barragrande24horas.com.br\/v1\/wp-json\/wp\/v2\/posts\/141985"}],"collection":[{"href":"https:\/\/www.barragrande24horas.com.br\/v1\/wp-json\/wp\/v2\/posts"}],"about":[{"href":"https:\/\/www.barragrande24horas.com.br\/v1\/wp-json\/wp\/v2\/types\/post"}],"author":[{"embeddable":true,"href":"https:\/\/www.barragrande24horas.com.br\/v1\/wp-json\/wp\/v2\/users\/2"}],"replies":[{"embeddable":true,"href":"https:\/\/www.barragrande24horas.com.br\/v1\/wp-json\/wp\/v2\/comments?post=141985"}],"version-history":[{"count":3,"href":"https:\/\/www.barragrande24horas.com.br\/v1\/wp-json\/wp\/v2\/posts\/141985\/revisions"}],"predecessor-version":[{"id":141996,"href":"https:\/\/www.barragrande24horas.com.br\/v1\/wp-json\/wp\/v2\/posts\/141985\/revisions\/141996"}],"wp:featuredmedia":[{"embeddable":true,"href":"https:\/\/www.barragrande24horas.com.br\/v1\/wp-json\/wp\/v2\/media\/141993"}],"wp:attachment":[{"href":"https:\/\/www.barragrande24horas.com.br\/v1\/wp-json\/wp\/v2\/media?parent=141985"}],"wp:term":[{"taxonomy":"category","embeddable":true,"href":"https:\/\/www.barragrande24horas.com.br\/v1\/wp-json\/wp\/v2\/categories?post=141985"},{"taxonomy":"post_tag","embeddable":true,"href":"https:\/\/www.barragrande24horas.com.br\/v1\/wp-json\/wp\/v2\/tags?post=141985"}],"curies":[{"name":"wp","href":"https:\/\/api.w.org\/{rel}","templated":true}]}}