{"id":141932,"date":"2026-01-25T19:41:55","date_gmt":"2026-01-25T22:41:55","guid":{"rendered":"https:\/\/www.barragrande24horas.com.br\/v1\/?p=141932"},"modified":"2026-01-25T19:41:55","modified_gmt":"2026-01-25T22:41:55","slug":"gestao-dr-ravan-realiza-obra-historica-e-entrega-calcamento-completo-do-bairro-portelinha-em-marau","status":"publish","type":"post","link":"https:\/\/www.barragrande24horas.com.br\/v1\/2026\/01\/25\/gestao-dr-ravan-realiza-obra-historica-e-entrega-calcamento-completo-do-bairro-portelinha-em-marau\/","title":{"rendered":"GEST\u00c3O DR. RAVAN REALIZA OBRA HIST\u00d3RICA E ENTREGA CAL\u00c7AMENTO COMPLETO DO BAIRRO PORTELINHA EM MARA\u00da"},"content":{"rendered":"<p class=\"p1\" style=\"text-align: justify;\"><span class=\"s1\">A Prefeitura de Mara\u00fa inaugurou, neste domingo pela manh\u00e3, o cal\u00e7amento completo de todas as ruas do bairro da Portelinha, na sede do munic\u00edpio. Considerada uma obra hist\u00f3rica para a comunidade, a interven\u00e7\u00e3o foi executada com recursos pr\u00f3prios e representa uma mudan\u00e7a definitiva na realidade dos moradores.<\/span><\/p>\n<p><img loading=\"lazy\" class=\"aligncenter wp-image-141940 size-full\" src=\"https:\/\/www.barragrande24horas.com.br\/v1\/wp-content\/uploads\/2026\/01\/IMG_6673.jpeg\" alt=\"\" width=\"800\" height=\"600\" srcset=\"https:\/\/www.barragrande24horas.com.br\/v1\/wp-content\/uploads\/2026\/01\/IMG_6673.jpeg 800w, https:\/\/www.barragrande24horas.com.br\/v1\/wp-content\/uploads\/2026\/01\/IMG_6673-300x225.jpeg 300w, https:\/\/www.barragrande24horas.com.br\/v1\/wp-content\/uploads\/2026\/01\/IMG_6673-768x576.jpeg 768w, https:\/\/www.barragrande24horas.com.br\/v1\/wp-content\/uploads\/2026\/01\/IMG_6673-180x135.jpeg 180w, https:\/\/www.barragrande24horas.com.br\/v1\/wp-content\/uploads\/2026\/01\/IMG_6673-400x300.jpeg 400w, https:\/\/www.barragrande24horas.com.br\/v1\/wp-content\/uploads\/2026\/01\/IMG_6673-600x450.jpeg 600w\" sizes=\"(max-width: 800px) 100vw, 800px\" \/><\/p>\n<p class=\"p1\" style=\"text-align: justify;\"><span class=\"s1\">Mesmo sendo um domingo de sol forte, a inaugura\u00e7\u00e3o reuniu um grande n\u00famero de pessoas, demonstrando o reconhecimento e a gratid\u00e3o da popula\u00e7\u00e3o por uma obra aguardada h\u00e1 anos. Antes, os moradores conviviam diariamente com lama no per\u00edodo chuvoso e poeira nos dias secos. Agora, o bairro passa a contar com ruas totalmente cal\u00e7adas, garantindo mais conforto, seguran\u00e7a, mobilidade e valoriza\u00e7\u00e3o dos im\u00f3veis.<\/span><\/p>\n<p><img loading=\"lazy\" class=\"aligncenter wp-image-141935 size-full\" src=\"https:\/\/www.barragrande24horas.com.br\/v1\/wp-content\/uploads\/2026\/01\/IMG_6678.jpeg\" alt=\"\" width=\"800\" height=\"818\" srcset=\"https:\/\/www.barragrande24horas.com.br\/v1\/wp-content\/uploads\/2026\/01\/IMG_6678.jpeg 800w, https:\/\/www.barragrande24horas.com.br\/v1\/wp-content\/uploads\/2026\/01\/IMG_6678-293x300.jpeg 293w, https:\/\/www.barragrande24horas.com.br\/v1\/wp-content\/uploads\/2026\/01\/IMG_6678-768x785.jpeg 768w\" sizes=\"(max-width: 800px) 100vw, 800px\" \/><\/p>\n<p class=\"p1\" style=\"text-align: justify;\"><span class=\"s1\">A solenidade contou com a presen\u00e7a do prefeito Dr. Ravan, do vice-prefeito Paulino, vereadores, secret\u00e1rios municipais e da popula\u00e7\u00e3o local, que participou ativamente do momento de entrega. O cal\u00e7amento foi executado com bloquetes intertravados, solu\u00e7\u00e3o que alia durabilidade, melhor drenagem e qualidade urbana.<\/span><\/p>\n<p><img loading=\"lazy\" class=\"aligncenter wp-image-141939 size-full\" src=\"https:\/\/www.barragrande24horas.com.br\/v1\/wp-content\/uploads\/2026\/01\/IMG_6674.jpeg\" alt=\"\" width=\"800\" height=\"600\" srcset=\"https:\/\/www.barragrande24horas.com.br\/v1\/wp-content\/uploads\/2026\/01\/IMG_6674.jpeg 800w, https:\/\/www.barragrande24horas.com.br\/v1\/wp-content\/uploads\/2026\/01\/IMG_6674-300x225.jpeg 300w, https:\/\/www.barragrande24horas.com.br\/v1\/wp-content\/uploads\/2026\/01\/IMG_6674-768x576.jpeg 768w, https:\/\/www.barragrande24horas.com.br\/v1\/wp-content\/uploads\/2026\/01\/IMG_6674-180x135.jpeg 180w, https:\/\/www.barragrande24horas.com.br\/v1\/wp-content\/uploads\/2026\/01\/IMG_6674-400x300.jpeg 400w, https:\/\/www.barragrande24horas.com.br\/v1\/wp-content\/uploads\/2026\/01\/IMG_6674-600x450.jpeg 600w\" sizes=\"(max-width: 800px) 100vw, 800px\" \/><\/p>\n<p class=\"p1\" style=\"text-align: justify;\"><span class=\"s1\">Durante o evento, o prefeito Dr. Ravan destacou que a obra reflete o compromisso da gest\u00e3o com investimentos estruturantes e com a correta aplica\u00e7\u00e3o dos recursos p\u00fablicos. Segundo ele, levar infraestrutura b\u00e1sica aos bairros \u00e9 promover dignidade, respeito \u00e0s pessoas e desenvolvimento social.<\/span><\/p>\n<p><img loading=\"lazy\" class=\"aligncenter wp-image-141936 size-full\" src=\"https:\/\/www.barragrande24horas.com.br\/v1\/wp-content\/uploads\/2026\/01\/IMG_6677.jpeg\" alt=\"\" width=\"750\" height=\"1000\" srcset=\"https:\/\/www.barragrande24horas.com.br\/v1\/wp-content\/uploads\/2026\/01\/IMG_6677.jpeg 750w, https:\/\/www.barragrande24horas.com.br\/v1\/wp-content\/uploads\/2026\/01\/IMG_6677-225x300.jpeg 225w\" sizes=\"(max-width: 750px) 100vw, 750px\" \/><\/p>\n<p class=\"p1\" style=\"text-align: justify;\"><span class=\"s1\">O cal\u00e7amento do bairro Portelinha integra o conjunto habitacional Joaquim Francisco Nery e refor\u00e7a o ritmo de obras da atual administra\u00e7\u00e3o municipal, consolidando mais um avan\u00e7o significativo para Mara\u00fa e reafirmando o compromisso da gest\u00e3o com a melhoria da qualidade de vida da popula\u00e7\u00e3o.<\/span><\/p>\n<p><img loading=\"lazy\" class=\"aligncenter wp-image-141938 size-full\" src=\"https:\/\/www.barragrande24horas.com.br\/v1\/wp-content\/uploads\/2026\/01\/IMG_6675.jpeg\" alt=\"\" width=\"750\" height=\"1000\" srcset=\"https:\/\/www.barragrande24horas.com.br\/v1\/wp-content\/uploads\/2026\/01\/IMG_6675.jpeg 750w, https:\/\/www.barragrande24horas.com.br\/v1\/wp-content\/uploads\/2026\/01\/IMG_6675-225x300.jpeg 225w\" sizes=\"(max-width: 750px) 100vw, 750px\" \/><\/p>\n","protected":false},"excerpt":{"rendered":"<p>A Prefeitura de Mara\u00fa inaugurou, neste domingo pela manh\u00e3, o cal\u00e7amento completo de todas as ruas do bairro da Portelinha, na sede do munic\u00edpio. Considerada uma obra hist\u00f3rica para a comunidade, a interven\u00e7\u00e3o foi executada com recursos pr\u00f3prios e representa uma mudan\u00e7a definitiva na realidade dos moradores. Mesmo sendo um domingo de sol forte, a inaugura\u00e7\u00e3o reuniu um grande n\u00famero de pessoas, demonstrando o reconhecimento e a gratid\u00e3o da popula\u00e7\u00e3o por uma obra aguardada h\u00e1 anos. Antes, os moradores conviviam diariamente com lama no per\u00edodo chuvoso e poeira nos dias secos. Agora, o bairro passa a contar com ruas totalmente [&hellip;]<\/p>\n","protected":false},"author":2,"featured_media":141941,"comment_status":"closed","ping_status":"open","sticky":false,"template":"","format":"standard","meta":[],"categories":[27],"tags":[],"_links":{"self":[{"href":"https:\/\/www.barragrande24horas.com.br\/v1\/wp-json\/wp\/v2\/posts\/141932"}],"collection":[{"href":"https:\/\/www.barragrande24horas.com.br\/v1\/wp-json\/wp\/v2\/posts"}],"about":[{"href":"https:\/\/www.barragrande24horas.com.br\/v1\/wp-json\/wp\/v2\/types\/post"}],"author":[{"embeddable":true,"href":"https:\/\/www.barragrande24horas.com.br\/v1\/wp-json\/wp\/v2\/users\/2"}],"replies":[{"embeddable":true,"href":"https:\/\/www.barragrande24horas.com.br\/v1\/wp-json\/wp\/v2\/comments?post=141932"}],"version-history":[{"count":2,"href":"https:\/\/www.barragrande24horas.com.br\/v1\/wp-json\/wp\/v2\/posts\/141932\/revisions"}],"predecessor-version":[{"id":141942,"href":"https:\/\/www.barragrande24horas.com.br\/v1\/wp-json\/wp\/v2\/posts\/141932\/revisions\/141942"}],"wp:featuredmedia":[{"embeddable":true,"href":"https:\/\/www.barragrande24horas.com.br\/v1\/wp-json\/wp\/v2\/media\/141941"}],"wp:attachment":[{"href":"https:\/\/www.barragrande24horas.com.br\/v1\/wp-json\/wp\/v2\/media?parent=141932"}],"wp:term":[{"taxonomy":"category","embeddable":true,"href":"https:\/\/www.barragrande24horas.com.br\/v1\/wp-json\/wp\/v2\/categories?post=141932"},{"taxonomy":"post_tag","embeddable":true,"href":"https:\/\/www.barragrande24horas.com.br\/v1\/wp-json\/wp\/v2\/tags?post=141932"}],"curies":[{"name":"wp","href":"https:\/\/api.w.org\/{rel}","templated":true}]}}