{"id":141905,"date":"2026-01-22T13:48:40","date_gmt":"2026-01-22T16:48:40","guid":{"rendered":"https:\/\/www.barragrande24horas.com.br\/v1\/?p=141905"},"modified":"2026-01-22T13:48:40","modified_gmt":"2026-01-22T16:48:40","slug":"itacare-se-destaca-com-ouro-na-alfabetizacao-e-acoes-de-fortalecimento-do-transito","status":"publish","type":"post","link":"https:\/\/www.barragrande24horas.com.br\/v1\/2026\/01\/22\/itacare-se-destaca-com-ouro-na-alfabetizacao-e-acoes-de-fortalecimento-do-transito\/","title":{"rendered":"ITACAR\u00c9 SE DESTACA COM OURO NA ALFABETIZA\u00c7\u00c3O E A\u00c7\u00d5ES DE FORTALECIMENTO DO TR\u00c2NSITO"},"content":{"rendered":"<p>&nbsp;<\/p>\n<p style=\"text-align: justify;\">Itacar\u00e9 conquistou a medalha de ouro no Compromisso Nacional da Crian\u00e7a Alfabetizada, programa do Minist\u00e9rio da Educa\u00e7\u00e3o (MEC) que reconhece os munic\u00edpios que garantem a alfabetiza\u00e7\u00e3o das crian\u00e7as na idade certa, com qualidade, equidade e inclus\u00e3o.<\/p>\n<p><img loading=\"lazy\" class=\"aligncenter wp-image-141909 size-full\" src=\"https:\/\/www.barragrande24horas.com.br\/v1\/wp-content\/uploads\/2026\/01\/IMG_6131.jpeg\" alt=\"\" width=\"800\" height=\"600\" srcset=\"https:\/\/www.barragrande24horas.com.br\/v1\/wp-content\/uploads\/2026\/01\/IMG_6131.jpeg 800w, https:\/\/www.barragrande24horas.com.br\/v1\/wp-content\/uploads\/2026\/01\/IMG_6131-300x225.jpeg 300w, https:\/\/www.barragrande24horas.com.br\/v1\/wp-content\/uploads\/2026\/01\/IMG_6131-768x576.jpeg 768w, https:\/\/www.barragrande24horas.com.br\/v1\/wp-content\/uploads\/2026\/01\/IMG_6131-180x135.jpeg 180w, https:\/\/www.barragrande24horas.com.br\/v1\/wp-content\/uploads\/2026\/01\/IMG_6131-400x300.jpeg 400w, https:\/\/www.barragrande24horas.com.br\/v1\/wp-content\/uploads\/2026\/01\/IMG_6131-600x450.jpeg 600w\" sizes=\"(max-width: 800px) 100vw, 800px\" \/><\/p>\n<p style=\"text-align: justify;\">A conquista \u00e9 resultado de uma pol\u00edtica educacional planejada, com investimento na forma\u00e7\u00e3o de professores, acompanhamento pedag\u00f3gico e compromisso com a aprendizagem. Para a secret\u00e1ria de Educa\u00e7\u00e3o, Jamille Silva, o reconhecimento reflete o trabalho coletivo das equipes escolares e das fam\u00edlias.<\/p>\n<p><img loading=\"lazy\" class=\"aligncenter wp-image-141908 size-full\" src=\"https:\/\/www.barragrande24horas.com.br\/v1\/wp-content\/uploads\/2026\/01\/IMG_6132.jpeg\" alt=\"\" width=\"800\" height=\"600\" srcset=\"https:\/\/www.barragrande24horas.com.br\/v1\/wp-content\/uploads\/2026\/01\/IMG_6132.jpeg 800w, https:\/\/www.barragrande24horas.com.br\/v1\/wp-content\/uploads\/2026\/01\/IMG_6132-300x225.jpeg 300w, https:\/\/www.barragrande24horas.com.br\/v1\/wp-content\/uploads\/2026\/01\/IMG_6132-768x576.jpeg 768w, https:\/\/www.barragrande24horas.com.br\/v1\/wp-content\/uploads\/2026\/01\/IMG_6132-180x135.jpeg 180w, https:\/\/www.barragrande24horas.com.br\/v1\/wp-content\/uploads\/2026\/01\/IMG_6132-400x300.jpeg 400w, https:\/\/www.barragrande24horas.com.br\/v1\/wp-content\/uploads\/2026\/01\/IMG_6132-600x450.jpeg 600w\" sizes=\"(max-width: 800px) 100vw, 800px\" \/><\/p>\n<p style=\"text-align: justify;\">Al\u00e9m dos avan\u00e7os na educa\u00e7\u00e3o, a Prefeitura de Itacar\u00e9 realizou uma reuni\u00e3o de capacita\u00e7\u00e3o com os orientadores de tr\u00e2nsito, fortalecendo a atua\u00e7\u00e3o dos profissionais e a qualidade dos servi\u00e7os prestados \u00e0 popula\u00e7\u00e3o. A a\u00e7\u00e3o, conduzida pela Procuradoria Geral do Munic\u00edpio e pela Diretoria de Tr\u00e2nsito, abordou temas como legisla\u00e7\u00e3o, direitos, deveres e seguran\u00e7a jur\u00eddica no exerc\u00edcio da fun\u00e7\u00e3o.<\/p>\n<p><img loading=\"lazy\" class=\"aligncenter wp-image-141907 size-full\" src=\"https:\/\/www.barragrande24horas.com.br\/v1\/wp-content\/uploads\/2026\/01\/6ed7fbfa-b786-4e6f-b1eb-2a19220b47cf.jpeg\" alt=\"\" width=\"800\" height=\"1000\" srcset=\"https:\/\/www.barragrande24horas.com.br\/v1\/wp-content\/uploads\/2026\/01\/6ed7fbfa-b786-4e6f-b1eb-2a19220b47cf.jpeg 800w, https:\/\/www.barragrande24horas.com.br\/v1\/wp-content\/uploads\/2026\/01\/6ed7fbfa-b786-4e6f-b1eb-2a19220b47cf-240x300.jpeg 240w, https:\/\/www.barragrande24horas.com.br\/v1\/wp-content\/uploads\/2026\/01\/6ed7fbfa-b786-4e6f-b1eb-2a19220b47cf-768x960.jpeg 768w\" sizes=\"(max-width: 800px) 100vw, 800px\" \/><\/p>\n<p style=\"text-align: justify;\">Educa\u00e7\u00e3o fortalecida e servi\u00e7os p\u00fablicos mais qualificados mostram que Itacar\u00e9 segue avan\u00e7ando com responsabilidade e compromisso com o futuro do munic\u00edpio.<\/p>\n","protected":false},"excerpt":{"rendered":"<p>&nbsp; Itacar\u00e9 conquistou a medalha de ouro no Compromisso Nacional da Crian\u00e7a Alfabetizada, programa do Minist\u00e9rio da Educa\u00e7\u00e3o (MEC) que reconhece os munic\u00edpios que garantem a alfabetiza\u00e7\u00e3o das crian\u00e7as na idade certa, com qualidade, equidade e inclus\u00e3o. A conquista \u00e9 resultado de uma pol\u00edtica educacional planejada, com investimento na forma\u00e7\u00e3o de professores, acompanhamento pedag\u00f3gico e compromisso com a aprendizagem. Para a secret\u00e1ria de Educa\u00e7\u00e3o, Jamille Silva, o reconhecimento reflete o trabalho coletivo das equipes escolares e das fam\u00edlias. Al\u00e9m dos avan\u00e7os na educa\u00e7\u00e3o, a Prefeitura de Itacar\u00e9 realizou uma reuni\u00e3o de capacita\u00e7\u00e3o com os orientadores de tr\u00e2nsito, fortalecendo a atua\u00e7\u00e3o [&hellip;]<\/p>\n","protected":false},"author":2,"featured_media":141910,"comment_status":"closed","ping_status":"open","sticky":false,"template":"","format":"standard","meta":[],"categories":[8],"tags":[],"_links":{"self":[{"href":"https:\/\/www.barragrande24horas.com.br\/v1\/wp-json\/wp\/v2\/posts\/141905"}],"collection":[{"href":"https:\/\/www.barragrande24horas.com.br\/v1\/wp-json\/wp\/v2\/posts"}],"about":[{"href":"https:\/\/www.barragrande24horas.com.br\/v1\/wp-json\/wp\/v2\/types\/post"}],"author":[{"embeddable":true,"href":"https:\/\/www.barragrande24horas.com.br\/v1\/wp-json\/wp\/v2\/users\/2"}],"replies":[{"embeddable":true,"href":"https:\/\/www.barragrande24horas.com.br\/v1\/wp-json\/wp\/v2\/comments?post=141905"}],"version-history":[{"count":2,"href":"https:\/\/www.barragrande24horas.com.br\/v1\/wp-json\/wp\/v2\/posts\/141905\/revisions"}],"predecessor-version":[{"id":141911,"href":"https:\/\/www.barragrande24horas.com.br\/v1\/wp-json\/wp\/v2\/posts\/141905\/revisions\/141911"}],"wp:featuredmedia":[{"embeddable":true,"href":"https:\/\/www.barragrande24horas.com.br\/v1\/wp-json\/wp\/v2\/media\/141910"}],"wp:attachment":[{"href":"https:\/\/www.barragrande24horas.com.br\/v1\/wp-json\/wp\/v2\/media?parent=141905"}],"wp:term":[{"taxonomy":"category","embeddable":true,"href":"https:\/\/www.barragrande24horas.com.br\/v1\/wp-json\/wp\/v2\/categories?post=141905"},{"taxonomy":"post_tag","embeddable":true,"href":"https:\/\/www.barragrande24horas.com.br\/v1\/wp-json\/wp\/v2\/tags?post=141905"}],"curies":[{"name":"wp","href":"https:\/\/api.w.org\/{rel}","templated":true}]}}