{"id":141896,"date":"2026-01-21T19:43:56","date_gmt":"2026-01-21T22:43:56","guid":{"rendered":"https:\/\/www.barragrande24horas.com.br\/v1\/?p=141896"},"modified":"2026-01-21T19:43:56","modified_gmt":"2026-01-21T22:43:56","slug":"deputado-niltinho-acompanha-entregas-de-investimentos-em-itapitanga-ao-lado-do-governador","status":"publish","type":"post","link":"https:\/\/www.barragrande24horas.com.br\/v1\/2026\/01\/21\/deputado-niltinho-acompanha-entregas-de-investimentos-em-itapitanga-ao-lado-do-governador\/","title":{"rendered":"DEPUTADO NILTINHO ACOMPANHA ENTREGAS DE INVESTIMENTOS EM ITAPITANGA AO LADO DO GOVERNADOR"},"content":{"rendered":"<p class=\"p1\" style=\"text-align: justify;\"><span class=\"s1\">O deputado estadual <a href=\"chatgpt:\/\/generic-entity?number=0\"><span class=\"s2\">Niltinho<\/span><\/a> esteve em <a href=\"chatgpt:\/\/generic-entity?number=1\"><span class=\"s2\">Itapitanga<\/span><\/a> nesta quarta-feira (21), integrando a agenda oficial do governador <a href=\"chatgpt:\/\/generic-entity?number=2\"><span class=\"s2\">Jer\u00f4nimo Rodrigues<\/span><\/a>, para acompanhar a entrega de equipamentos e um ve\u00edculo destinado ao Tratamento Fora do Domic\u00edlio (TFD), viabilizados por emendas parlamentares do seu mandato em parceria com o Governo do Estado e a gest\u00e3o municipal.<\/span><\/p>\n<p><img loading=\"lazy\" class=\"aligncenter wp-image-141903 size-full\" src=\"https:\/\/www.barragrande24horas.com.br\/v1\/wp-content\/uploads\/2026\/01\/2962a739-b74c-425b-8ce3-4fbd3e249225.jpeg\" alt=\"\" width=\"800\" height=\"534\" srcset=\"https:\/\/www.barragrande24horas.com.br\/v1\/wp-content\/uploads\/2026\/01\/2962a739-b74c-425b-8ce3-4fbd3e249225.jpeg 800w, https:\/\/www.barragrande24horas.com.br\/v1\/wp-content\/uploads\/2026\/01\/2962a739-b74c-425b-8ce3-4fbd3e249225-300x200.jpeg 300w, https:\/\/www.barragrande24horas.com.br\/v1\/wp-content\/uploads\/2026\/01\/2962a739-b74c-425b-8ce3-4fbd3e249225-768x513.jpeg 768w\" sizes=\"(max-width: 800px) 100vw, 800px\" \/><\/p>\n<p class=\"p3\" style=\"text-align: justify;\"><span class=\"s1\">Durante a visita, o parlamentar destacou a import\u00e2ncia do trabalho conjunto com a Prefeitura, liderada pela prefeita <a href=\"chatgpt:\/\/generic-entity?number=3\"><span class=\"s2\">Glis D\u00f3rea<\/span><\/a> e pelo vice-prefeito Joel Fernandes, ressaltando que os resultados s\u00e3o fruto de planejamento, di\u00e1logo permanente e responsabilidade com os recursos p\u00fablicos.<\/span><\/p>\n<p><img loading=\"lazy\" class=\"aligncenter wp-image-141902 size-full\" src=\"https:\/\/www.barragrande24horas.com.br\/v1\/wp-content\/uploads\/2026\/01\/700fdce9-ec2f-4c6a-aab1-cb8b5865a61e.jpeg\" alt=\"\" width=\"800\" height=\"529\" srcset=\"https:\/\/www.barragrande24horas.com.br\/v1\/wp-content\/uploads\/2026\/01\/700fdce9-ec2f-4c6a-aab1-cb8b5865a61e.jpeg 800w, https:\/\/www.barragrande24horas.com.br\/v1\/wp-content\/uploads\/2026\/01\/700fdce9-ec2f-4c6a-aab1-cb8b5865a61e-300x198.jpeg 300w, https:\/\/www.barragrande24horas.com.br\/v1\/wp-content\/uploads\/2026\/01\/700fdce9-ec2f-4c6a-aab1-cb8b5865a61e-768x508.jpeg 768w\" sizes=\"(max-width: 800px) 100vw, 800px\" \/><\/p>\n<p class=\"p3\" style=\"text-align: justify;\"><span class=\"s1\">Entre as a\u00e7\u00f5es acompanhadas est\u00e3o conv\u00eanios para a constru\u00e7\u00e3o da nova sede da USF Mariano Gon\u00e7alves, a reforma das unidades Texaco e Dr. Arnaldo Lima de Almeida, a cess\u00e3o de equipamentos de sa\u00fade para o munic\u00edpio e para o Hospital Municipal Maria Eloy Bittencourt, al\u00e9m da entrega de uma van para o TFD e de uma motoniveladora para refor\u00e7ar os servi\u00e7os de infraestrutura.<\/span><\/p>\n<p><img loading=\"lazy\" class=\"aligncenter wp-image-141899 size-full\" src=\"https:\/\/www.barragrande24horas.com.br\/v1\/wp-content\/uploads\/2026\/01\/4d3f2729-fb9c-4cb4-9667-449f0d76dd20.jpeg\" alt=\"\" width=\"800\" height=\"533\" srcset=\"https:\/\/www.barragrande24horas.com.br\/v1\/wp-content\/uploads\/2026\/01\/4d3f2729-fb9c-4cb4-9667-449f0d76dd20.jpeg 800w, https:\/\/www.barragrande24horas.com.br\/v1\/wp-content\/uploads\/2026\/01\/4d3f2729-fb9c-4cb4-9667-449f0d76dd20-300x200.jpeg 300w, https:\/\/www.barragrande24horas.com.br\/v1\/wp-content\/uploads\/2026\/01\/4d3f2729-fb9c-4cb4-9667-449f0d76dd20-768x512.jpeg 768w\" sizes=\"(max-width: 800px) 100vw, 800px\" \/><\/p>\n<p class=\"p3\" style=\"text-align: justify;\"><span class=\"s1\">Tamb\u00e9m fazem parte do pacote de investimentos a conclus\u00e3o da Arena Society Armando Maria de Jesus, a entrega de kits e equipamentos para diferentes setores e projetos estruturantes como macrodrenagem, pavimenta\u00e7\u00f5es em intertravado e a reforma e amplia\u00e7\u00e3o do est\u00e1dio municipal, a\u00e7\u00f5es que impactam diretamente a qualidade de vida da popula\u00e7\u00e3o.<\/span><\/p>\n<p><img loading=\"lazy\" class=\"aligncenter wp-image-141898 size-full\" src=\"https:\/\/www.barragrande24horas.com.br\/v1\/wp-content\/uploads\/2026\/01\/603a57d5-b5a0-4be6-9144-7a9aa6a644b6.jpeg\" alt=\"\" width=\"800\" height=\"664\" srcset=\"https:\/\/www.barragrande24horas.com.br\/v1\/wp-content\/uploads\/2026\/01\/603a57d5-b5a0-4be6-9144-7a9aa6a644b6.jpeg 800w, https:\/\/www.barragrande24horas.com.br\/v1\/wp-content\/uploads\/2026\/01\/603a57d5-b5a0-4be6-9144-7a9aa6a644b6-300x249.jpeg 300w, https:\/\/www.barragrande24horas.com.br\/v1\/wp-content\/uploads\/2026\/01\/603a57d5-b5a0-4be6-9144-7a9aa6a644b6-768x637.jpeg 768w\" sizes=\"(max-width: 800px) 100vw, 800px\" \/><\/p>\n<p class=\"p3\" style=\"text-align: justify;\"><span class=\"s1\">O deputado reafirmou que seguir\u00e1 acompanhando de perto a execu\u00e7\u00e3o dos investimentos j\u00e1 garantidos e mantendo o di\u00e1logo com o Governo do Estado e a Prefeitura, com o objetivo de assegurar novos recursos e mais desenvolvimento para Itapitanga.<\/span><\/p>\n","protected":false},"excerpt":{"rendered":"<p>O deputado estadual Niltinho esteve em Itapitanga nesta quarta-feira (21), integrando a agenda oficial do governador Jer\u00f4nimo Rodrigues, para acompanhar a entrega de equipamentos e um ve\u00edculo destinado ao Tratamento Fora do Domic\u00edlio (TFD), viabilizados por emendas parlamentares do seu mandato em parceria com o Governo do Estado e a gest\u00e3o municipal. Durante a visita, o parlamentar destacou a import\u00e2ncia do trabalho conjunto com a Prefeitura, liderada pela prefeita Glis D\u00f3rea e pelo vice-prefeito Joel Fernandes, ressaltando que os resultados s\u00e3o fruto de planejamento, di\u00e1logo permanente e responsabilidade com os recursos p\u00fablicos. Entre as a\u00e7\u00f5es acompanhadas est\u00e3o conv\u00eanios para a [&hellip;]<\/p>\n","protected":false},"author":2,"featured_media":141900,"comment_status":"closed","ping_status":"open","sticky":false,"template":"","format":"standard","meta":[],"categories":[11],"tags":[],"_links":{"self":[{"href":"https:\/\/www.barragrande24horas.com.br\/v1\/wp-json\/wp\/v2\/posts\/141896"}],"collection":[{"href":"https:\/\/www.barragrande24horas.com.br\/v1\/wp-json\/wp\/v2\/posts"}],"about":[{"href":"https:\/\/www.barragrande24horas.com.br\/v1\/wp-json\/wp\/v2\/types\/post"}],"author":[{"embeddable":true,"href":"https:\/\/www.barragrande24horas.com.br\/v1\/wp-json\/wp\/v2\/users\/2"}],"replies":[{"embeddable":true,"href":"https:\/\/www.barragrande24horas.com.br\/v1\/wp-json\/wp\/v2\/comments?post=141896"}],"version-history":[{"count":2,"href":"https:\/\/www.barragrande24horas.com.br\/v1\/wp-json\/wp\/v2\/posts\/141896\/revisions"}],"predecessor-version":[{"id":141904,"href":"https:\/\/www.barragrande24horas.com.br\/v1\/wp-json\/wp\/v2\/posts\/141896\/revisions\/141904"}],"wp:featuredmedia":[{"embeddable":true,"href":"https:\/\/www.barragrande24horas.com.br\/v1\/wp-json\/wp\/v2\/media\/141900"}],"wp:attachment":[{"href":"https:\/\/www.barragrande24horas.com.br\/v1\/wp-json\/wp\/v2\/media?parent=141896"}],"wp:term":[{"taxonomy":"category","embeddable":true,"href":"https:\/\/www.barragrande24horas.com.br\/v1\/wp-json\/wp\/v2\/categories?post=141896"},{"taxonomy":"post_tag","embeddable":true,"href":"https:\/\/www.barragrande24horas.com.br\/v1\/wp-json\/wp\/v2\/tags?post=141896"}],"curies":[{"name":"wp","href":"https:\/\/api.w.org\/{rel}","templated":true}]}}