{"id":141873,"date":"2026-01-20T20:29:07","date_gmt":"2026-01-20T23:29:07","guid":{"rendered":"https:\/\/www.barragrande24horas.com.br\/v1\/?p=141873"},"modified":"2026-01-20T21:15:40","modified_gmt":"2026-01-21T00:15:40","slug":"missa-festiva-de-sao-sebastiao-lota-a-igreja-matriz-e-reune-fieis-em-marau-com-a-presenca-do-prefeito-dr-ravan","status":"publish","type":"post","link":"https:\/\/www.barragrande24horas.com.br\/v1\/2026\/01\/20\/missa-festiva-de-sao-sebastiao-lota-a-igreja-matriz-e-reune-fieis-em-marau-com-a-presenca-do-prefeito-dr-ravan\/","title":{"rendered":"MISSA FESTIVA DE S\u00c3O SEBASTI\u00c3O LOTA A IGREJA MATRIZ E RE\u00daNE FI\u00c9IS EM MARA\u00da, COM A PRESEN\u00c7A DO PREFEITO DR. RAVAN"},"content":{"rendered":"<p class=\"p1\" style=\"text-align: justify;\"><span class=\"s1\">A manh\u00e3 desta segunda-feira foi marcada por f\u00e9 e devo\u00e7\u00e3o em <a href=\"chatgpt:\/\/generic-entity?number=0\"><span class=\"s2\">Mara\u00fa<\/span><\/a>, durante a missa festiva em homenagem a <a href=\"chatgpt:\/\/generic-entity?number=1\"><span class=\"s2\">S\u00e3o Sebasti\u00e3o<\/span><\/a>, padroeiro do munic\u00edpio. A celebra\u00e7\u00e3o aconteceu \u00e0s 10h, na <a href=\"chatgpt:\/\/generic-entity?number=2\"><span class=\"s2\">Igreja Matriz de S\u00e3o Sebasti\u00e3o<\/span><\/a>, que ficou completamente lotada, reunindo um grande n\u00famero de fi\u00e9is da sede e de diversas comunidades.<\/span><\/p>\n<p><img loading=\"lazy\" class=\"aligncenter wp-image-141879 size-full\" src=\"https:\/\/www.barragrande24horas.com.br\/v1\/wp-content\/uploads\/2026\/01\/IMG_5990.jpeg\" alt=\"\" width=\"800\" height=\"600\" srcset=\"https:\/\/www.barragrande24horas.com.br\/v1\/wp-content\/uploads\/2026\/01\/IMG_5990.jpeg 800w, https:\/\/www.barragrande24horas.com.br\/v1\/wp-content\/uploads\/2026\/01\/IMG_5990-300x225.jpeg 300w, https:\/\/www.barragrande24horas.com.br\/v1\/wp-content\/uploads\/2026\/01\/IMG_5990-768x576.jpeg 768w, https:\/\/www.barragrande24horas.com.br\/v1\/wp-content\/uploads\/2026\/01\/IMG_5990-180x135.jpeg 180w, https:\/\/www.barragrande24horas.com.br\/v1\/wp-content\/uploads\/2026\/01\/IMG_5990-400x300.jpeg 400w, https:\/\/www.barragrande24horas.com.br\/v1\/wp-content\/uploads\/2026\/01\/IMG_5990-600x450.jpeg 600w\" sizes=\"(max-width: 800px) 100vw, 800px\" \/><\/p>\n<p class=\"p1\" style=\"text-align: justify;\"><span class=\"s1\">A missa foi presidida pelo <a href=\"chatgpt:\/\/generic-entity?number=3\"><span class=\"s2\">Padre Marcos<\/span><\/a>, que conduziu o momento com mensagens de f\u00e9, esperan\u00e7a e agradecimento, destacando a import\u00e2ncia de S\u00e3o Sebasti\u00e3o na hist\u00f3ria religiosa e cultural do povo marauense.<\/span><\/p>\n<p><img loading=\"lazy\" class=\"aligncenter wp-image-141876 size-full\" src=\"https:\/\/www.barragrande24horas.com.br\/v1\/wp-content\/uploads\/2026\/01\/IMG_5994.jpeg\" alt=\"\" width=\"800\" height=\"600\" srcset=\"https:\/\/www.barragrande24horas.com.br\/v1\/wp-content\/uploads\/2026\/01\/IMG_5994.jpeg 800w, https:\/\/www.barragrande24horas.com.br\/v1\/wp-content\/uploads\/2026\/01\/IMG_5994-300x225.jpeg 300w, https:\/\/www.barragrande24horas.com.br\/v1\/wp-content\/uploads\/2026\/01\/IMG_5994-768x576.jpeg 768w, https:\/\/www.barragrande24horas.com.br\/v1\/wp-content\/uploads\/2026\/01\/IMG_5994-180x135.jpeg 180w, https:\/\/www.barragrande24horas.com.br\/v1\/wp-content\/uploads\/2026\/01\/IMG_5994-400x300.jpeg 400w, https:\/\/www.barragrande24horas.com.br\/v1\/wp-content\/uploads\/2026\/01\/IMG_5994-600x450.jpeg 600w\" sizes=\"(max-width: 800px) 100vw, 800px\" \/><\/p>\n<p class=\"p3\" style=\"text-align: justify;\"><span class=\"s1\">O ato religioso contou ainda com a presen\u00e7a do prefeito <a href=\"chatgpt:\/\/generic-entity?number=4\"><span class=\"s2\">Dr. Ravan<\/span><\/a>, acompanhado da primeira-dama <a href=\"chatgpt:\/\/generic-entity?number=5\"><span class=\"s2\">Cleude Barcelos<\/span><\/a>, al\u00e9m do vice-prefeito Paulino Ribeiro, vereadores e secret\u00e1rios municipais, que prestigiaram a celebra\u00e7\u00e3o ao lado da popula\u00e7\u00e3o.<\/span><\/p>\n<p><img loading=\"lazy\" class=\"size-medium wp-image-141877 alignleft\" src=\"https:\/\/www.barragrande24horas.com.br\/v1\/wp-content\/uploads\/2026\/01\/IMG_5991-225x300.jpeg\" alt=\"\" width=\"225\" height=\"300\" srcset=\"https:\/\/www.barragrande24horas.com.br\/v1\/wp-content\/uploads\/2026\/01\/IMG_5991-225x300.jpeg 225w, https:\/\/www.barragrande24horas.com.br\/v1\/wp-content\/uploads\/2026\/01\/IMG_5991.jpeg 750w\" sizes=\"(max-width: 225px) 100vw, 225px\" \/><\/p>\n<p class=\"p3\" style=\"text-align: justify;\"><span class=\"s1\">A missa integra a programa\u00e7\u00e3o oficial dos festejos de S\u00e3o Sebasti\u00e3o, uma das tradi\u00e7\u00f5es mais fortes do munic\u00edpio, reafirmando a devo\u00e7\u00e3o do povo de Mara\u00fa e o valor da f\u00e9 como elemento de identidade, cultura e uni\u00e3o social.<\/span><\/p>\n","protected":false},"excerpt":{"rendered":"<p>A manh\u00e3 desta segunda-feira foi marcada por f\u00e9 e devo\u00e7\u00e3o em Mara\u00fa, durante a missa festiva em homenagem a S\u00e3o Sebasti\u00e3o, padroeiro do munic\u00edpio. A celebra\u00e7\u00e3o aconteceu \u00e0s 10h, na Igreja Matriz de S\u00e3o Sebasti\u00e3o, que ficou completamente lotada, reunindo um grande n\u00famero de fi\u00e9is da sede e de diversas comunidades. A missa foi presidida pelo Padre Marcos, que conduziu o momento com mensagens de f\u00e9, esperan\u00e7a e agradecimento, destacando a import\u00e2ncia de S\u00e3o Sebasti\u00e3o na hist\u00f3ria religiosa e cultural do povo marauense. O ato religioso contou ainda com a presen\u00e7a do prefeito Dr. Ravan, acompanhado da primeira-dama Cleude Barcelos, [&hellip;]<\/p>\n","protected":false},"author":2,"featured_media":141874,"comment_status":"closed","ping_status":"open","sticky":false,"template":"","format":"standard","meta":[],"categories":[23],"tags":[46,4266],"_links":{"self":[{"href":"https:\/\/www.barragrande24horas.com.br\/v1\/wp-json\/wp\/v2\/posts\/141873"}],"collection":[{"href":"https:\/\/www.barragrande24horas.com.br\/v1\/wp-json\/wp\/v2\/posts"}],"about":[{"href":"https:\/\/www.barragrande24horas.com.br\/v1\/wp-json\/wp\/v2\/types\/post"}],"author":[{"embeddable":true,"href":"https:\/\/www.barragrande24horas.com.br\/v1\/wp-json\/wp\/v2\/users\/2"}],"replies":[{"embeddable":true,"href":"https:\/\/www.barragrande24horas.com.br\/v1\/wp-json\/wp\/v2\/comments?post=141873"}],"version-history":[{"count":2,"href":"https:\/\/www.barragrande24horas.com.br\/v1\/wp-json\/wp\/v2\/posts\/141873\/revisions"}],"predecessor-version":[{"id":141882,"href":"https:\/\/www.barragrande24horas.com.br\/v1\/wp-json\/wp\/v2\/posts\/141873\/revisions\/141882"}],"wp:featuredmedia":[{"embeddable":true,"href":"https:\/\/www.barragrande24horas.com.br\/v1\/wp-json\/wp\/v2\/media\/141874"}],"wp:attachment":[{"href":"https:\/\/www.barragrande24horas.com.br\/v1\/wp-json\/wp\/v2\/media?parent=141873"}],"wp:term":[{"taxonomy":"category","embeddable":true,"href":"https:\/\/www.barragrande24horas.com.br\/v1\/wp-json\/wp\/v2\/categories?post=141873"},{"taxonomy":"post_tag","embeddable":true,"href":"https:\/\/www.barragrande24horas.com.br\/v1\/wp-json\/wp\/v2\/tags?post=141873"}],"curies":[{"name":"wp","href":"https:\/\/api.w.org\/{rel}","templated":true}]}}