{"id":141868,"date":"2026-01-20T15:31:43","date_gmt":"2026-01-20T18:31:43","guid":{"rendered":"https:\/\/www.barragrande24horas.com.br\/v1\/?p=141868"},"modified":"2026-01-20T15:31:43","modified_gmt":"2026-01-20T18:31:43","slug":"vereadora-karol-viana-acompanha-visita-tecnica-e-reforca-pedido-de-pavimentacao-no-bairro-gutemberg","status":"publish","type":"post","link":"https:\/\/www.barragrande24horas.com.br\/v1\/2026\/01\/20\/vereadora-karol-viana-acompanha-visita-tecnica-e-reforca-pedido-de-pavimentacao-no-bairro-gutemberg\/","title":{"rendered":"VEREADORA KAROL VIANA ACOMPANHA VISITA T\u00c9CNICA E REFOR\u00c7A PEDIDO DE PAVIMENTA\u00c7\u00c3O NO BAIRRO GUTEMBERG"},"content":{"rendered":"<p class=\"p1\" style=\"text-align: justify;\"><span class=\"s1\">A vereadora <a href=\"chatgpt:\/\/generic-entity?number=0\"><span class=\"s2\">Karol Viana<\/span><\/a> refor\u00e7ou seu compromisso com o Bairro Gutemberg ao acompanhar, nesta ter\u00e7a-feira (20), uma visita t\u00e9cnica da Prefeitura para avaliar as condi\u00e7\u00f5es das ruas e avan\u00e7ar no planejamento da pavimenta\u00e7\u00e3o.<\/span><\/p>\n<p class=\"p3\" style=\"text-align: justify;\"><span class=\"s1\">A a\u00e7\u00e3o atende a uma indica\u00e7\u00e3o apresentada pela parlamentar e incluiu a an\u00e1lise dos pontos mais cr\u00edticos, al\u00e9m da escuta das demandas da comunidade. Segundo Karol, o cal\u00e7amento \u00e9 prioridade e conta com o empenho da gest\u00e3o da prefeita <a href=\"chatgpt:\/\/generic-entity?number=1\"><span class=\"s2\">Gracinha Viana<\/span><\/a> para se tornar realidade.<\/span><\/p>\n<p><img loading=\"lazy\" class=\"aligncenter wp-image-141869 size-full\" src=\"https:\/\/www.barragrande24horas.com.br\/v1\/wp-content\/uploads\/2026\/01\/51d9fa3c-cee6-4596-bb44-b0d5be9847d7.jpeg\" alt=\"\" width=\"800\" height=\"811\" srcset=\"https:\/\/www.barragrande24horas.com.br\/v1\/wp-content\/uploads\/2026\/01\/51d9fa3c-cee6-4596-bb44-b0d5be9847d7.jpeg 800w, https:\/\/www.barragrande24horas.com.br\/v1\/wp-content\/uploads\/2026\/01\/51d9fa3c-cee6-4596-bb44-b0d5be9847d7-296x300.jpeg 296w, https:\/\/www.barragrande24horas.com.br\/v1\/wp-content\/uploads\/2026\/01\/51d9fa3c-cee6-4596-bb44-b0d5be9847d7-768x779.jpeg 768w\" sizes=\"(max-width: 800px) 100vw, 800px\" \/><\/p>\n<p class=\"p3\" style=\"text-align: justify;\"><span class=\"s1\">A visita t\u00e9cnica representa mais um passo concreto para garantir mais mobilidade, seguran\u00e7a e qualidade de vida aos moradores do bairro.<\/span><\/p>\n","protected":false},"excerpt":{"rendered":"<p>A vereadora Karol Viana refor\u00e7ou seu compromisso com o Bairro Gutemberg ao acompanhar, nesta ter\u00e7a-feira (20), uma visita t\u00e9cnica da Prefeitura para avaliar as condi\u00e7\u00f5es das ruas e avan\u00e7ar no planejamento da pavimenta\u00e7\u00e3o. A a\u00e7\u00e3o atende a uma indica\u00e7\u00e3o apresentada pela parlamentar e incluiu a an\u00e1lise dos pontos mais cr\u00edticos, al\u00e9m da escuta das demandas da comunidade. Segundo Karol, o cal\u00e7amento \u00e9 prioridade e conta com o empenho da gest\u00e3o da prefeita Gracinha Viana para se tornar realidade. A visita t\u00e9cnica representa mais um passo concreto para garantir mais mobilidade, seguran\u00e7a e qualidade de vida aos moradores do bairro.<\/p>\n","protected":false},"author":2,"featured_media":141871,"comment_status":"closed","ping_status":"open","sticky":false,"template":"","format":"standard","meta":[],"categories":[11],"tags":[],"_links":{"self":[{"href":"https:\/\/www.barragrande24horas.com.br\/v1\/wp-json\/wp\/v2\/posts\/141868"}],"collection":[{"href":"https:\/\/www.barragrande24horas.com.br\/v1\/wp-json\/wp\/v2\/posts"}],"about":[{"href":"https:\/\/www.barragrande24horas.com.br\/v1\/wp-json\/wp\/v2\/types\/post"}],"author":[{"embeddable":true,"href":"https:\/\/www.barragrande24horas.com.br\/v1\/wp-json\/wp\/v2\/users\/2"}],"replies":[{"embeddable":true,"href":"https:\/\/www.barragrande24horas.com.br\/v1\/wp-json\/wp\/v2\/comments?post=141868"}],"version-history":[{"count":2,"href":"https:\/\/www.barragrande24horas.com.br\/v1\/wp-json\/wp\/v2\/posts\/141868\/revisions"}],"predecessor-version":[{"id":141872,"href":"https:\/\/www.barragrande24horas.com.br\/v1\/wp-json\/wp\/v2\/posts\/141868\/revisions\/141872"}],"wp:featuredmedia":[{"embeddable":true,"href":"https:\/\/www.barragrande24horas.com.br\/v1\/wp-json\/wp\/v2\/media\/141871"}],"wp:attachment":[{"href":"https:\/\/www.barragrande24horas.com.br\/v1\/wp-json\/wp\/v2\/media?parent=141868"}],"wp:term":[{"taxonomy":"category","embeddable":true,"href":"https:\/\/www.barragrande24horas.com.br\/v1\/wp-json\/wp\/v2\/categories?post=141868"},{"taxonomy":"post_tag","embeddable":true,"href":"https:\/\/www.barragrande24horas.com.br\/v1\/wp-json\/wp\/v2\/tags?post=141868"}],"curies":[{"name":"wp","href":"https:\/\/api.w.org\/{rel}","templated":true}]}}