{"id":141812,"date":"2026-01-14T19:30:37","date_gmt":"2026-01-14T22:30:37","guid":{"rendered":"https:\/\/www.barragrande24horas.com.br\/v1\/?p=141812"},"modified":"2026-01-14T19:31:20","modified_gmt":"2026-01-14T22:31:20","slug":"2o-cortejo-afro-movimenta-marau-no-dia-16-de-janeiro-com-celebracao-da-cultura-e-da-ancestralidade","status":"publish","type":"post","link":"https:\/\/www.barragrande24horas.com.br\/v1\/2026\/01\/14\/2o-cortejo-afro-movimenta-marau-no-dia-16-de-janeiro-com-celebracao-da-cultura-e-da-ancestralidade\/","title":{"rendered":"2\u00ba CORTEJO AFRO MOVIMENTA MARA\u00da NO DIA 16 DE JANEIRO COM CELEBRA\u00c7\u00c3O DA CULTURA E DA ANCESTRALIDADE"},"content":{"rendered":"<p style=\"text-align: justify;\">A cidade de Mara\u00fa ser\u00e1 palco de um grande encontro cultural no pr\u00f3ximo dia 16 de janeiro, com a realiza\u00e7\u00e3o do 2\u00ba Cortejo Afro, a partir das 20h, em frente \u00e0 Igreja de S\u00e3o Sebasti\u00e3o. O evento promete tomar as ruas com cores, m\u00fasica, f\u00e9 e ancestralidade, celebrando a riqueza da cultura afro-brasileira e fortalecendo as tradi\u00e7\u00f5es populares do munic\u00edpio.<\/p>\n<p style=\"text-align: justify;\">O cortejo contar\u00e1 com diversas manifesta\u00e7\u00f5es culturais, reunindo grupos e express\u00f5es que representam a identidade, a resist\u00eancia e a diversidade do povo negro. Entre as atra\u00e7\u00f5es confirmadas est\u00e3o Mandu, Grupo Mascarados, Grupo Os Desenrolados, As Jardineiras, Grupo Afro Raiz, grupos de capoeira, terreiros de matriz africana e a Filarm\u00f4nica Lira da Concei\u00e7\u00e3o, al\u00e9m de outras participa\u00e7\u00f5es especiais.<\/p>\n<p><img loading=\"lazy\" class=\"aligncenter wp-image-141813 size-full\" src=\"https:\/\/www.barragrande24horas.com.br\/v1\/wp-content\/uploads\/2026\/01\/IMG_5364.jpeg\" alt=\"\" width=\"565\" height=\"1000\" srcset=\"https:\/\/www.barragrande24horas.com.br\/v1\/wp-content\/uploads\/2026\/01\/IMG_5364.jpeg 565w, https:\/\/www.barragrande24horas.com.br\/v1\/wp-content\/uploads\/2026\/01\/IMG_5364-170x300.jpeg 170w\" sizes=\"(max-width: 565px) 100vw, 565px\" \/><\/p>\n<p style=\"text-align: justify;\">Mais do que um evento festivo, o Cortejo Afro se consolida como um espa\u00e7o de reconhecimento hist\u00f3rico, valoriza\u00e7\u00e3o cultural e promo\u00e7\u00e3o da diversidade, reafirmando o compromisso de Mara\u00fa com a preserva\u00e7\u00e3o de suas ra\u00edzes e o fortalecimento da cultura local.<\/p>\n<p style=\"text-align: justify;\">A iniciativa \u00e9 promovida pela Secretaria de Cultura e Eventos, com apoio da Prefeitura de Mara\u00fa, e convida moradores e visitantes a participarem desse momento de celebra\u00e7\u00e3o, respeito e uni\u00e3o.<\/p>\n<p style=\"text-align: justify;\">\u2728 Mara\u00fa celebra sua hist\u00f3ria, sua cultura e sua ancestralidade.<\/p>\n","protected":false},"excerpt":{"rendered":"<p>A cidade de Mara\u00fa ser\u00e1 palco de um grande encontro cultural no pr\u00f3ximo dia 16 de janeiro, com a realiza\u00e7\u00e3o do 2\u00ba Cortejo Afro, a partir das 20h, em frente \u00e0 Igreja de S\u00e3o Sebasti\u00e3o. O evento promete tomar as ruas com cores, m\u00fasica, f\u00e9 e ancestralidade, celebrando a riqueza da cultura afro-brasileira e fortalecendo as tradi\u00e7\u00f5es populares do munic\u00edpio. O cortejo contar\u00e1 com diversas manifesta\u00e7\u00f5es culturais, reunindo grupos e express\u00f5es que representam a identidade, a resist\u00eancia e a diversidade do povo negro. Entre as atra\u00e7\u00f5es confirmadas est\u00e3o Mandu, Grupo Mascarados, Grupo Os Desenrolados, As Jardineiras, Grupo Afro Raiz, grupos [&hellip;]<\/p>\n","protected":false},"author":2,"featured_media":141814,"comment_status":"closed","ping_status":"open","sticky":false,"template":"","format":"standard","meta":[],"categories":[24],"tags":[],"_links":{"self":[{"href":"https:\/\/www.barragrande24horas.com.br\/v1\/wp-json\/wp\/v2\/posts\/141812"}],"collection":[{"href":"https:\/\/www.barragrande24horas.com.br\/v1\/wp-json\/wp\/v2\/posts"}],"about":[{"href":"https:\/\/www.barragrande24horas.com.br\/v1\/wp-json\/wp\/v2\/types\/post"}],"author":[{"embeddable":true,"href":"https:\/\/www.barragrande24horas.com.br\/v1\/wp-json\/wp\/v2\/users\/2"}],"replies":[{"embeddable":true,"href":"https:\/\/www.barragrande24horas.com.br\/v1\/wp-json\/wp\/v2\/comments?post=141812"}],"version-history":[{"count":1,"href":"https:\/\/www.barragrande24horas.com.br\/v1\/wp-json\/wp\/v2\/posts\/141812\/revisions"}],"predecessor-version":[{"id":141815,"href":"https:\/\/www.barragrande24horas.com.br\/v1\/wp-json\/wp\/v2\/posts\/141812\/revisions\/141815"}],"wp:featuredmedia":[{"embeddable":true,"href":"https:\/\/www.barragrande24horas.com.br\/v1\/wp-json\/wp\/v2\/media\/141814"}],"wp:attachment":[{"href":"https:\/\/www.barragrande24horas.com.br\/v1\/wp-json\/wp\/v2\/media?parent=141812"}],"wp:term":[{"taxonomy":"category","embeddable":true,"href":"https:\/\/www.barragrande24horas.com.br\/v1\/wp-json\/wp\/v2\/categories?post=141812"},{"taxonomy":"post_tag","embeddable":true,"href":"https:\/\/www.barragrande24horas.com.br\/v1\/wp-json\/wp\/v2\/tags?post=141812"}],"curies":[{"name":"wp","href":"https:\/\/api.w.org\/{rel}","templated":true}]}}