{"id":141696,"date":"2025-12-03T18:59:38","date_gmt":"2025-12-03T21:59:38","guid":{"rendered":"https:\/\/www.barragrande24horas.com.br\/v1\/?p=141696"},"modified":"2025-12-03T18:59:38","modified_gmt":"2025-12-03T21:59:38","slug":"prefeitura-de-itacare-inicia-ciclo-de-capacitacoes-para-equipes-da-assistencia-social","status":"publish","type":"post","link":"https:\/\/www.barragrande24horas.com.br\/v1\/2025\/12\/03\/prefeitura-de-itacare-inicia-ciclo-de-capacitacoes-para-equipes-da-assistencia-social\/","title":{"rendered":"PREFEITURA DE ITACAR\u00c9 INICIA CICLO DE CAPACITA\u00c7\u00d5ES PARA EQUIPES DA ASSIST\u00caNCIA SOCIAL"},"content":{"rendered":"<p>&nbsp;<\/p>\n<p style=\"text-align: justify;\">A Prefeitura de Itacar\u00e9 iniciou, nesta quarta-feira, um ciclo de capacita\u00e7\u00f5es voltado aos colaboradores da Secretaria Municipal de Desenvolvimento Social. A primeira forma\u00e7\u00e3o, realizada em parceria com a Faculdade Anhanguera de Itabuna, trouxe conte\u00fados fundamentais para fortalecer os servi\u00e7os prestados \u00e0 popula\u00e7\u00e3o.<\/p>\n<p><img loading=\"lazy\" class=\"aligncenter wp-image-141700 size-full\" src=\"https:\/\/www.barragrande24horas.com.br\/v1\/wp-content\/uploads\/2025\/12\/IMG_0648.jpeg\" alt=\"\" width=\"800\" height=\"600\" srcset=\"https:\/\/www.barragrande24horas.com.br\/v1\/wp-content\/uploads\/2025\/12\/IMG_0648.jpeg 800w, https:\/\/www.barragrande24horas.com.br\/v1\/wp-content\/uploads\/2025\/12\/IMG_0648-300x225.jpeg 300w, https:\/\/www.barragrande24horas.com.br\/v1\/wp-content\/uploads\/2025\/12\/IMG_0648-768x576.jpeg 768w, https:\/\/www.barragrande24horas.com.br\/v1\/wp-content\/uploads\/2025\/12\/IMG_0648-180x135.jpeg 180w, https:\/\/www.barragrande24horas.com.br\/v1\/wp-content\/uploads\/2025\/12\/IMG_0648-400x300.jpeg 400w, https:\/\/www.barragrande24horas.com.br\/v1\/wp-content\/uploads\/2025\/12\/IMG_0648-600x450.jpeg 600w\" sizes=\"(max-width: 800px) 100vw, 800px\" \/><\/p>\n<p style=\"text-align: justify;\">Os profissionais receberam treinamento em Primeiros Socorros, Atendimento ao P\u00fablico e Comunica\u00e7\u00e3o Assertiva, com foco em aprimorar o acolhimento, agilizar respostas em situa\u00e7\u00f5es de emerg\u00eancia e tornar o atendimento mais eficiente e humanizado.<\/p>\n<p style=\"text-align: justify;\">Segundo a Secretaria de Desenvolvimento Social, o objetivo \u00e9 garantir equipes mais preparadas e alinhadas \u00e0s necessidades do munic\u00edpio. \u201cInvestir na forma\u00e7\u00e3o dos nossos colaboradores \u00e9 investir diretamente no bem-estar da popula\u00e7\u00e3o\u201d, destacou a gest\u00e3o.<\/p>\n<p style=\"text-align: justify;\">O ciclo seguir\u00e1 nos pr\u00f3ximos meses, contemplando diferentes \u00e1reas da pol\u00edtica de assist\u00eancia. Com compromisso e qualifica\u00e7\u00e3o cont\u00ednua, Itacar\u00e9 avan\u00e7a na constru\u00e7\u00e3o de uma rede de atendimento mais acolhedora e eficiente.<\/p>\n","protected":false},"excerpt":{"rendered":"<p>&nbsp; A Prefeitura de Itacar\u00e9 iniciou, nesta quarta-feira, um ciclo de capacita\u00e7\u00f5es voltado aos colaboradores da Secretaria Municipal de Desenvolvimento Social. A primeira forma\u00e7\u00e3o, realizada em parceria com a Faculdade Anhanguera de Itabuna, trouxe conte\u00fados fundamentais para fortalecer os servi\u00e7os prestados \u00e0 popula\u00e7\u00e3o. Os profissionais receberam treinamento em Primeiros Socorros, Atendimento ao P\u00fablico e Comunica\u00e7\u00e3o Assertiva, com foco em aprimorar o acolhimento, agilizar respostas em situa\u00e7\u00f5es de emerg\u00eancia e tornar o atendimento mais eficiente e humanizado. Segundo a Secretaria de Desenvolvimento Social, o objetivo \u00e9 garantir equipes mais preparadas e alinhadas \u00e0s necessidades do munic\u00edpio. \u201cInvestir na forma\u00e7\u00e3o dos nossos [&hellip;]<\/p>\n","protected":false},"author":2,"featured_media":141699,"comment_status":"closed","ping_status":"open","sticky":false,"template":"","format":"standard","meta":[],"categories":[8],"tags":[],"_links":{"self":[{"href":"https:\/\/www.barragrande24horas.com.br\/v1\/wp-json\/wp\/v2\/posts\/141696"}],"collection":[{"href":"https:\/\/www.barragrande24horas.com.br\/v1\/wp-json\/wp\/v2\/posts"}],"about":[{"href":"https:\/\/www.barragrande24horas.com.br\/v1\/wp-json\/wp\/v2\/types\/post"}],"author":[{"embeddable":true,"href":"https:\/\/www.barragrande24horas.com.br\/v1\/wp-json\/wp\/v2\/users\/2"}],"replies":[{"embeddable":true,"href":"https:\/\/www.barragrande24horas.com.br\/v1\/wp-json\/wp\/v2\/comments?post=141696"}],"version-history":[{"count":2,"href":"https:\/\/www.barragrande24horas.com.br\/v1\/wp-json\/wp\/v2\/posts\/141696\/revisions"}],"predecessor-version":[{"id":141701,"href":"https:\/\/www.barragrande24horas.com.br\/v1\/wp-json\/wp\/v2\/posts\/141696\/revisions\/141701"}],"wp:featuredmedia":[{"embeddable":true,"href":"https:\/\/www.barragrande24horas.com.br\/v1\/wp-json\/wp\/v2\/media\/141699"}],"wp:attachment":[{"href":"https:\/\/www.barragrande24horas.com.br\/v1\/wp-json\/wp\/v2\/media?parent=141696"}],"wp:term":[{"taxonomy":"category","embeddable":true,"href":"https:\/\/www.barragrande24horas.com.br\/v1\/wp-json\/wp\/v2\/categories?post=141696"},{"taxonomy":"post_tag","embeddable":true,"href":"https:\/\/www.barragrande24horas.com.br\/v1\/wp-json\/wp\/v2\/tags?post=141696"}],"curies":[{"name":"wp","href":"https:\/\/api.w.org\/{rel}","templated":true}]}}