{"id":141690,"date":"2025-12-02T16:51:36","date_gmt":"2025-12-02T19:51:36","guid":{"rendered":"https:\/\/www.barragrande24horas.com.br\/v1\/?p=141690"},"modified":"2025-12-02T16:51:36","modified_gmt":"2025-12-02T19:51:36","slug":"ubaitaba-prefeita-gracinha-viana-prestigia-os-92-anos-de-ipiau-ao-lado-do-vice-beto-da-padaria-e-do-governador-jeronimo-rodrigues","status":"publish","type":"post","link":"https:\/\/www.barragrande24horas.com.br\/v1\/2025\/12\/02\/ubaitaba-prefeita-gracinha-viana-prestigia-os-92-anos-de-ipiau-ao-lado-do-vice-beto-da-padaria-e-do-governador-jeronimo-rodrigues\/","title":{"rendered":"UBAITABA: PREFEITA GRACINHA VIANA PRESTIGIA OS 92 ANOS DE IPIA\u00da AO LADO DO VICE BETO DA PADARIA E DO GOVERNADOR JER\u00d4NIMO RODRIGUES"},"content":{"rendered":"<p style=\"text-align: justify;\">Na manh\u00e3 desta ter\u00e7a-feira, 02, a prefeita de Ubaitaba, Gracinha Viana, acompanhada do vice-prefeito Beto da Padaria, marcou presen\u00e7a nas comemora\u00e7\u00f5es pelos 92 anos de emancipa\u00e7\u00e3o pol\u00edtica de Ipia\u00fa. A gestora fez quest\u00e3o de prestigiar o munic\u00edpio vizinho neste dia especial, refor\u00e7ando a import\u00e2ncia das boas rela\u00e7\u00f5es institucionais e do desenvolvimento regional integrado.<\/p>\n<p><img loading=\"lazy\" class=\"aligncenter wp-image-141684 size-full\" src=\"https:\/\/www.barragrande24horas.com.br\/v1\/wp-content\/uploads\/2025\/12\/59ca9b43-0e15-48bc-88f7-8e3f429da6cf.jpeg\" alt=\"\" width=\"800\" height=\"800\" srcset=\"https:\/\/www.barragrande24horas.com.br\/v1\/wp-content\/uploads\/2025\/12\/59ca9b43-0e15-48bc-88f7-8e3f429da6cf.jpeg 800w, https:\/\/www.barragrande24horas.com.br\/v1\/wp-content\/uploads\/2025\/12\/59ca9b43-0e15-48bc-88f7-8e3f429da6cf-300x300.jpeg 300w, https:\/\/www.barragrande24horas.com.br\/v1\/wp-content\/uploads\/2025\/12\/59ca9b43-0e15-48bc-88f7-8e3f429da6cf-150x150.jpeg 150w, https:\/\/www.barragrande24horas.com.br\/v1\/wp-content\/uploads\/2025\/12\/59ca9b43-0e15-48bc-88f7-8e3f429da6cf-768x768.jpeg 768w, https:\/\/www.barragrande24horas.com.br\/v1\/wp-content\/uploads\/2025\/12\/59ca9b43-0e15-48bc-88f7-8e3f429da6cf-180x180.jpeg 180w, https:\/\/www.barragrande24horas.com.br\/v1\/wp-content\/uploads\/2025\/12\/59ca9b43-0e15-48bc-88f7-8e3f429da6cf-400x400.jpeg 400w, https:\/\/www.barragrande24horas.com.br\/v1\/wp-content\/uploads\/2025\/12\/59ca9b43-0e15-48bc-88f7-8e3f429da6cf-600x600.jpeg 600w\" sizes=\"(max-width: 800px) 100vw, 800px\" \/><\/p>\n<p style=\"text-align: justify;\">O evento contou ainda com a presen\u00e7a do governador Jer\u00f4nimo Rodrigues, que participou da celebra\u00e7\u00e3o e reafirmou a parceria com os munic\u00edpios da regi\u00e3o. A presen\u00e7a conjunta de Gracinha, Beto e do governador destaca o alinhamento pol\u00edtico e o compromisso com a\u00e7\u00f5es que beneficiem toda a regi\u00e3o Sul da Bahia.<\/p>\n<p><img loading=\"lazy\" class=\"aligncenter wp-image-141683 size-full\" src=\"https:\/\/www.barragrande24horas.com.br\/v1\/wp-content\/uploads\/2025\/12\/c7c042b5-6b46-44a2-9aaf-c8b6e584a511.jpeg\" alt=\"\" width=\"800\" height=\"800\" srcset=\"https:\/\/www.barragrande24horas.com.br\/v1\/wp-content\/uploads\/2025\/12\/c7c042b5-6b46-44a2-9aaf-c8b6e584a511.jpeg 800w, https:\/\/www.barragrande24horas.com.br\/v1\/wp-content\/uploads\/2025\/12\/c7c042b5-6b46-44a2-9aaf-c8b6e584a511-300x300.jpeg 300w, https:\/\/www.barragrande24horas.com.br\/v1\/wp-content\/uploads\/2025\/12\/c7c042b5-6b46-44a2-9aaf-c8b6e584a511-150x150.jpeg 150w, https:\/\/www.barragrande24horas.com.br\/v1\/wp-content\/uploads\/2025\/12\/c7c042b5-6b46-44a2-9aaf-c8b6e584a511-768x768.jpeg 768w, https:\/\/www.barragrande24horas.com.br\/v1\/wp-content\/uploads\/2025\/12\/c7c042b5-6b46-44a2-9aaf-c8b6e584a511-180x180.jpeg 180w, https:\/\/www.barragrande24horas.com.br\/v1\/wp-content\/uploads\/2025\/12\/c7c042b5-6b46-44a2-9aaf-c8b6e584a511-400x400.jpeg 400w, https:\/\/www.barragrande24horas.com.br\/v1\/wp-content\/uploads\/2025\/12\/c7c042b5-6b46-44a2-9aaf-c8b6e584a511-600x600.jpeg 600w\" sizes=\"(max-width: 800px) 100vw, 800px\" \/><\/p>\n<p style=\"text-align: justify;\">A celebra\u00e7\u00e3o dos 92 anos de Ipia\u00fa reuniu autoridades, lideran\u00e7as locais e a popula\u00e7\u00e3o, em uma festa marcada por homenagens, apresenta\u00e7\u00f5es culturais e momentos de confraterniza\u00e7\u00e3o.<\/p>\n<p style=\"text-align: justify;\">A participa\u00e7\u00e3o da prefeita Gracinha Viana refor\u00e7a o respeito e o carinho por Ipia\u00fa, al\u00e9m de evidenciar a uni\u00e3o entre os munic\u00edpios em prol do fortalecimento regional.<\/p>\n","protected":false},"excerpt":{"rendered":"<p>Na manh\u00e3 desta ter\u00e7a-feira, 02, a prefeita de Ubaitaba, Gracinha Viana, acompanhada do vice-prefeito Beto da Padaria, marcou presen\u00e7a nas comemora\u00e7\u00f5es pelos 92 anos de emancipa\u00e7\u00e3o pol\u00edtica de Ipia\u00fa. A gestora fez quest\u00e3o de prestigiar o munic\u00edpio vizinho neste dia especial, refor\u00e7ando a import\u00e2ncia das boas rela\u00e7\u00f5es institucionais e do desenvolvimento regional integrado. O evento contou ainda com a presen\u00e7a do governador Jer\u00f4nimo Rodrigues, que participou da celebra\u00e7\u00e3o e reafirmou a parceria com os munic\u00edpios da regi\u00e3o. A presen\u00e7a conjunta de Gracinha, Beto e do governador destaca o alinhamento pol\u00edtico e o compromisso com a\u00e7\u00f5es que beneficiem toda a regi\u00e3o [&hellip;]<\/p>\n","protected":false},"author":2,"featured_media":141684,"comment_status":"closed","ping_status":"open","sticky":false,"template":"","format":"standard","meta":[],"categories":[11],"tags":[],"_links":{"self":[{"href":"https:\/\/www.barragrande24horas.com.br\/v1\/wp-json\/wp\/v2\/posts\/141690"}],"collection":[{"href":"https:\/\/www.barragrande24horas.com.br\/v1\/wp-json\/wp\/v2\/posts"}],"about":[{"href":"https:\/\/www.barragrande24horas.com.br\/v1\/wp-json\/wp\/v2\/types\/post"}],"author":[{"embeddable":true,"href":"https:\/\/www.barragrande24horas.com.br\/v1\/wp-json\/wp\/v2\/users\/2"}],"replies":[{"embeddable":true,"href":"https:\/\/www.barragrande24horas.com.br\/v1\/wp-json\/wp\/v2\/comments?post=141690"}],"version-history":[{"count":1,"href":"https:\/\/www.barragrande24horas.com.br\/v1\/wp-json\/wp\/v2\/posts\/141690\/revisions"}],"predecessor-version":[{"id":141691,"href":"https:\/\/www.barragrande24horas.com.br\/v1\/wp-json\/wp\/v2\/posts\/141690\/revisions\/141691"}],"wp:featuredmedia":[{"embeddable":true,"href":"https:\/\/www.barragrande24horas.com.br\/v1\/wp-json\/wp\/v2\/media\/141684"}],"wp:attachment":[{"href":"https:\/\/www.barragrande24horas.com.br\/v1\/wp-json\/wp\/v2\/media?parent=141690"}],"wp:term":[{"taxonomy":"category","embeddable":true,"href":"https:\/\/www.barragrande24horas.com.br\/v1\/wp-json\/wp\/v2\/categories?post=141690"},{"taxonomy":"post_tag","embeddable":true,"href":"https:\/\/www.barragrande24horas.com.br\/v1\/wp-json\/wp\/v2\/tags?post=141690"}],"curies":[{"name":"wp","href":"https:\/\/api.w.org\/{rel}","templated":true}]}}