{"id":141672,"date":"2025-12-01T02:34:47","date_gmt":"2025-12-01T05:34:47","guid":{"rendered":"https:\/\/www.barragrande24horas.com.br\/v1\/?p=141672"},"modified":"2025-12-01T02:34:47","modified_gmt":"2025-12-01T05:34:47","slug":"lider-do-governo-vereador-angelo-pede-revitalizacao-das-barracas-tradicionais-da-praia-de-algodoes","status":"publish","type":"post","link":"https:\/\/www.barragrande24horas.com.br\/v1\/2025\/12\/01\/lider-do-governo-vereador-angelo-pede-revitalizacao-das-barracas-tradicionais-da-praia-de-algodoes\/","title":{"rendered":"L\u00cdDER DO GOVERNO, VEREADOR \u00c2NGELO  PEDE REVITALIZA\u00c7\u00c3O DAS BARRACAS TRADICIONAIS DA PRAIA DE ALGOD\u00d5ES"},"content":{"rendered":"<p class=\"p1\" style=\"text-align: justify;\"><span class=\"s1\">O vereador <\/span><span class=\"s2\">\u00c2ngelo M\u00e1rcio Lemos Souza<\/span><span class=\"s1\">, atual <\/span><span class=\"s2\">L\u00edder do Governo Isravan Barcelos na C\u00e2mara de Mara\u00fa<\/span><span class=\"s1\">, solicitou ao prefeito e ao secret\u00e1rio de Infraestrutura a <\/span><span class=\"s2\">revitaliza\u00e7\u00e3o das barracas tradicionais da Praia de Algod\u00f5es<\/span><span class=\"s1\">, estruturas mantidas h\u00e1 d\u00e9cadas por fam\u00edlias nativas.<\/span><\/p>\n<p class=\"p1\" style=\"text-align: justify;\"><span class=\"s1\">A medida busca assegurar melhores condi\u00e7\u00f5es de trabalho, preservar a cultura local e refor\u00e7ar a identidade hist\u00f3rica da comunidade. Para \u00c2ngelo Lemos, a recupera\u00e7\u00e3o dessas estruturas representa um <\/span><span class=\"s2\">investimento social e cultural<\/span><span class=\"s1\">, fundamental para fortalecer o turismo e garantir dignidade \u00e0s fam\u00edlias que dependem do espa\u00e7o para seu sustento.<\/span><\/p>\n<p class=\"p1\" style=\"text-align: justify;\"><span class=\"s1\">O vereador destacou que atender essa demanda \u00e9 tamb\u00e9m uma forma de valorizar o povo de Algod\u00f5es e contribuir para o desenvolvimento sustent\u00e1vel do munic\u00edpio.<\/span><\/p>\n","protected":false},"excerpt":{"rendered":"<p>O vereador \u00c2ngelo M\u00e1rcio Lemos Souza, atual L\u00edder do Governo Isravan Barcelos na C\u00e2mara de Mara\u00fa, solicitou ao prefeito e ao secret\u00e1rio de Infraestrutura a revitaliza\u00e7\u00e3o das barracas tradicionais da Praia de Algod\u00f5es, estruturas mantidas h\u00e1 d\u00e9cadas por fam\u00edlias nativas. A medida busca assegurar melhores condi\u00e7\u00f5es de trabalho, preservar a cultura local e refor\u00e7ar a identidade hist\u00f3rica da comunidade. Para \u00c2ngelo Lemos, a recupera\u00e7\u00e3o dessas estruturas representa um investimento social e cultural, fundamental para fortalecer o turismo e garantir dignidade \u00e0s fam\u00edlias que dependem do espa\u00e7o para seu sustento. O vereador destacou que atender essa demanda \u00e9 tamb\u00e9m uma forma [&hellip;]<\/p>\n","protected":false},"author":2,"featured_media":140952,"comment_status":"closed","ping_status":"open","sticky":false,"template":"","format":"standard","meta":[],"categories":[27],"tags":[],"_links":{"self":[{"href":"https:\/\/www.barragrande24horas.com.br\/v1\/wp-json\/wp\/v2\/posts\/141672"}],"collection":[{"href":"https:\/\/www.barragrande24horas.com.br\/v1\/wp-json\/wp\/v2\/posts"}],"about":[{"href":"https:\/\/www.barragrande24horas.com.br\/v1\/wp-json\/wp\/v2\/types\/post"}],"author":[{"embeddable":true,"href":"https:\/\/www.barragrande24horas.com.br\/v1\/wp-json\/wp\/v2\/users\/2"}],"replies":[{"embeddable":true,"href":"https:\/\/www.barragrande24horas.com.br\/v1\/wp-json\/wp\/v2\/comments?post=141672"}],"version-history":[{"count":1,"href":"https:\/\/www.barragrande24horas.com.br\/v1\/wp-json\/wp\/v2\/posts\/141672\/revisions"}],"predecessor-version":[{"id":141673,"href":"https:\/\/www.barragrande24horas.com.br\/v1\/wp-json\/wp\/v2\/posts\/141672\/revisions\/141673"}],"wp:featuredmedia":[{"embeddable":true,"href":"https:\/\/www.barragrande24horas.com.br\/v1\/wp-json\/wp\/v2\/media\/140952"}],"wp:attachment":[{"href":"https:\/\/www.barragrande24horas.com.br\/v1\/wp-json\/wp\/v2\/media?parent=141672"}],"wp:term":[{"taxonomy":"category","embeddable":true,"href":"https:\/\/www.barragrande24horas.com.br\/v1\/wp-json\/wp\/v2\/categories?post=141672"},{"taxonomy":"post_tag","embeddable":true,"href":"https:\/\/www.barragrande24horas.com.br\/v1\/wp-json\/wp\/v2\/tags?post=141672"}],"curies":[{"name":"wp","href":"https:\/\/api.w.org\/{rel}","templated":true}]}}