{"id":141626,"date":"2025-11-25T18:32:15","date_gmt":"2025-11-25T21:32:15","guid":{"rendered":"https:\/\/www.barragrande24horas.com.br\/v1\/?p=141626"},"modified":"2025-11-25T18:32:15","modified_gmt":"2025-11-25T21:32:15","slug":"itacare-ex-prefeito-antonio-de-anizio-nega-ter-sido-alvo-de-operacao-da-policia-federal","status":"publish","type":"post","link":"https:\/\/www.barragrande24horas.com.br\/v1\/2025\/11\/25\/itacare-ex-prefeito-antonio-de-anizio-nega-ter-sido-alvo-de-operacao-da-policia-federal\/","title":{"rendered":"ITACAR\u00c9: EX-PREFEITO ANT\u00d4NIO DE AN\u00cdZIO NEGA TER SIDO ALVO DE OPERA\u00c7\u00c3O DA POL\u00cdCIA FEDERAL"},"content":{"rendered":"<p class=\"p1\" style=\"text-align: justify;\"><span class=\"s1\">O ex-prefeito de Itacar\u00e9, Ant\u00f4nio de An\u00edzio (PT), se manifestou ap\u00f3s a opera\u00e7\u00e3o deflagrada pela Pol\u00edcia Federal no munic\u00edpio. Segundo ele, <\/span><span class=\"s2\">nenhuma dilig\u00eancia ocorreu em sua resid\u00eancia<\/span><span class=\"s1\"> e tampouco houve qualquer comunica\u00e7\u00e3o formal por parte das autoridades.<\/span><\/p>\n<p class=\"p1\" style=\"text-align: justify;\"><span class=\"s1\">\u201cN\u00e3o fui notificado e nem os policiais estiveram em minha casa. N\u00e3o fui alvo da opera\u00e7\u00e3o e estou \u00e0 disposi\u00e7\u00e3o para esclarecimentos\u201d, declarou.<\/span><\/p>\n<p class=\"p1\" style=\"text-align: justify;\"><span class=\"s1\">Durante a a\u00e7\u00e3o, chegou a circular a informa\u00e7\u00e3o de que o celular do ex-prefeito teria sido apreendido pela PF, o que Ant\u00f4nio de An\u00edzio <\/span><span class=\"s2\">negou categoricamente<\/span><span class=\"s1\">:<\/span><\/p>\n<p class=\"p1\" style=\"text-align: justify;\"><span class=\"s1\">\u201cA informa\u00e7\u00e3o n\u00e3o procede, n\u00e3o fui alvo da opera\u00e7\u00e3o\u201d, refor\u00e7ou.<\/span><\/p>\n<p class=\"p1\" style=\"text-align: justify;\"><span class=\"s1\">O ex-gestor destacou ainda que permanece \u00e0 disposi\u00e7\u00e3o dos \u00f3rg\u00e3os de investiga\u00e7\u00e3o sempre que necess\u00e1rio, para colaborar e esclarecer qualquer d\u00favida envolvendo seu nome.<\/span><\/p>\n","protected":false},"excerpt":{"rendered":"<p>O ex-prefeito de Itacar\u00e9, Ant\u00f4nio de An\u00edzio (PT), se manifestou ap\u00f3s a opera\u00e7\u00e3o deflagrada pela Pol\u00edcia Federal no munic\u00edpio. Segundo ele, nenhuma dilig\u00eancia ocorreu em sua resid\u00eancia e tampouco houve qualquer comunica\u00e7\u00e3o formal por parte das autoridades. \u201cN\u00e3o fui notificado e nem os policiais estiveram em minha casa. N\u00e3o fui alvo da opera\u00e7\u00e3o e estou \u00e0 disposi\u00e7\u00e3o para esclarecimentos\u201d, declarou. Durante a a\u00e7\u00e3o, chegou a circular a informa\u00e7\u00e3o de que o celular do ex-prefeito teria sido apreendido pela PF, o que Ant\u00f4nio de An\u00edzio negou categoricamente: \u201cA informa\u00e7\u00e3o n\u00e3o procede, n\u00e3o fui alvo da opera\u00e7\u00e3o\u201d, refor\u00e7ou. O ex-gestor destacou ainda [&hellip;]<\/p>\n","protected":false},"author":2,"featured_media":141627,"comment_status":"closed","ping_status":"open","sticky":false,"template":"","format":"standard","meta":[],"categories":[11],"tags":[],"_links":{"self":[{"href":"https:\/\/www.barragrande24horas.com.br\/v1\/wp-json\/wp\/v2\/posts\/141626"}],"collection":[{"href":"https:\/\/www.barragrande24horas.com.br\/v1\/wp-json\/wp\/v2\/posts"}],"about":[{"href":"https:\/\/www.barragrande24horas.com.br\/v1\/wp-json\/wp\/v2\/types\/post"}],"author":[{"embeddable":true,"href":"https:\/\/www.barragrande24horas.com.br\/v1\/wp-json\/wp\/v2\/users\/2"}],"replies":[{"embeddable":true,"href":"https:\/\/www.barragrande24horas.com.br\/v1\/wp-json\/wp\/v2\/comments?post=141626"}],"version-history":[{"count":1,"href":"https:\/\/www.barragrande24horas.com.br\/v1\/wp-json\/wp\/v2\/posts\/141626\/revisions"}],"predecessor-version":[{"id":141628,"href":"https:\/\/www.barragrande24horas.com.br\/v1\/wp-json\/wp\/v2\/posts\/141626\/revisions\/141628"}],"wp:featuredmedia":[{"embeddable":true,"href":"https:\/\/www.barragrande24horas.com.br\/v1\/wp-json\/wp\/v2\/media\/141627"}],"wp:attachment":[{"href":"https:\/\/www.barragrande24horas.com.br\/v1\/wp-json\/wp\/v2\/media?parent=141626"}],"wp:term":[{"taxonomy":"category","embeddable":true,"href":"https:\/\/www.barragrande24horas.com.br\/v1\/wp-json\/wp\/v2\/categories?post=141626"},{"taxonomy":"post_tag","embeddable":true,"href":"https:\/\/www.barragrande24horas.com.br\/v1\/wp-json\/wp\/v2\/tags?post=141626"}],"curies":[{"name":"wp","href":"https:\/\/api.w.org\/{rel}","templated":true}]}}