{"id":141610,"date":"2025-11-24T16:27:41","date_gmt":"2025-11-24T19:27:41","guid":{"rendered":"https:\/\/www.barragrande24horas.com.br\/v1\/?p=141610"},"modified":"2025-11-24T16:27:41","modified_gmt":"2025-11-24T19:27:41","slug":"itacare-prefeitura-assina-ordem-de-servico-para-reforma-do-centro-educacional-e-da-creche-joserinda-pereira","status":"publish","type":"post","link":"https:\/\/www.barragrande24horas.com.br\/v1\/2025\/11\/24\/itacare-prefeitura-assina-ordem-de-servico-para-reforma-do-centro-educacional-e-da-creche-joserinda-pereira\/","title":{"rendered":"ITACAR\u00c9: PREFEITURA ASSINA ORDEM DE SERVI\u00c7O PARA REFORMA DO CENTRO EDUCACIONAL E DA CRECHE JOSERINDA PEREIRA"},"content":{"rendered":"<p class=\"p1\" style=\"text-align: justify;\"><span class=\"s1\">A Prefeitura de Itacar\u00e9 avan\u00e7a em mais uma importante a\u00e7\u00e3o voltada ao fortalecimento da educa\u00e7\u00e3o municipal. Nesta segunda-feira, o prefeito Nego de Saronga, as secret\u00e1rias municipais de Educa\u00e7\u00e3o e de Desenvolvimento Urbano, e representantes da empresa Multimais assinaram a Ordem de Servi\u00e7o que autoriza o in\u00edcio das obras de reforma do Centro Educacional de Itacar\u00e9 e da Creche Joserinda Pereira.<\/span><\/p>\n<p class=\"p1\" style=\"text-align: justify;\"><span class=\"s1\">O projeto inclui melhorias estruturais, moderniza\u00e7\u00e3o dos espa\u00e7os pedag\u00f3gicos e adapta\u00e7\u00f5es que garantir\u00e3o mais seguran\u00e7a, conforto e qualidade no processo de ensino e aprendizagem. As obras fazem parte do conjunto de investimentos que a gest\u00e3o vem realizando para valorizar a rede p\u00fablica e ampliar o acesso a ambientes educacionais adequados.<\/span><\/p>\n<p><img loading=\"lazy\" class=\"aligncenter wp-image-141611 size-full\" src=\"https:\/\/www.barragrande24horas.com.br\/v1\/wp-content\/uploads\/2025\/11\/IMG_0043.jpeg\" alt=\"\" width=\"800\" height=\"600\" srcset=\"https:\/\/www.barragrande24horas.com.br\/v1\/wp-content\/uploads\/2025\/11\/IMG_0043.jpeg 800w, https:\/\/www.barragrande24horas.com.br\/v1\/wp-content\/uploads\/2025\/11\/IMG_0043-300x225.jpeg 300w, https:\/\/www.barragrande24horas.com.br\/v1\/wp-content\/uploads\/2025\/11\/IMG_0043-768x576.jpeg 768w, https:\/\/www.barragrande24horas.com.br\/v1\/wp-content\/uploads\/2025\/11\/IMG_0043-180x135.jpeg 180w, https:\/\/www.barragrande24horas.com.br\/v1\/wp-content\/uploads\/2025\/11\/IMG_0043-400x300.jpeg 400w, https:\/\/www.barragrande24horas.com.br\/v1\/wp-content\/uploads\/2025\/11\/IMG_0043-600x450.jpeg 600w\" sizes=\"(max-width: 800px) 100vw, 800px\" \/><\/p>\n<p class=\"p1\" style=\"text-align: justify;\"><span class=\"s1\">A secret\u00e1ria de Educa\u00e7\u00e3o, Jamille Silva, destacou a import\u00e2ncia da a\u00e7\u00e3o para o desenvolvimento da pol\u00edtica educacional do munic\u00edpio.<\/span><\/p>\n<p class=\"p1\" style=\"text-align: justify;\"><span class=\"s1\">\u201cEstamos dando mais um passo essencial para oferecer \u00e0s nossas crian\u00e7as e adolescentes espa\u00e7os que realmente favore\u00e7am o desenvolvimento pleno. Essas melhorias representam respeito aos nossos estudantes, \u00e0s fam\u00edlias e aos profissionais que atuam diariamente para transformar a educa\u00e7\u00e3o de Itacar\u00e9\u201d, afirmou.<\/span><\/p>\n<p class=\"p1\" style=\"text-align: justify;\"><span class=\"s1\">O prefeito Nego de Saronga tamb\u00e9m refor\u00e7ou o compromisso com a melhoria cont\u00ednua da infraestrutura escolar.<\/span><\/p>\n<p class=\"p1\" style=\"text-align: justify;\"><span class=\"s1\">\u201cNosso objetivo \u00e9 fazer com que cada unidade de ensino seja motivo de orgulho para a comunidade. Investir na educa\u00e7\u00e3o \u00e9 investir no futuro, e \u00e9 isso que estamos construindo: uma cidade que cuida, que planeja e que oferece oportunidades reais para o crescimento das nossas crian\u00e7as e jovens\u201d, declarou.<\/span><\/p>\n<p class=\"p1\" style=\"text-align: justify;\"><span class=\"s1\">A equipe t\u00e9cnica j\u00e1 realizou os levantamentos necess\u00e1rios para o in\u00edcio imediato das obras, que seguir\u00e3o um cronograma planejado. Com mais esse investimento, a Prefeitura de Itacar\u00e9 reafirma seu compromisso em transformar a educa\u00e7\u00e3o municipal e garantir ambientes modernos, acolhedores e seguros para toda a comunidade escolar.<\/span><\/p>\n","protected":false},"excerpt":{"rendered":"<p>A Prefeitura de Itacar\u00e9 avan\u00e7a em mais uma importante a\u00e7\u00e3o voltada ao fortalecimento da educa\u00e7\u00e3o municipal. Nesta segunda-feira, o prefeito Nego de Saronga, as secret\u00e1rias municipais de Educa\u00e7\u00e3o e de Desenvolvimento Urbano, e representantes da empresa Multimais assinaram a Ordem de Servi\u00e7o que autoriza o in\u00edcio das obras de reforma do Centro Educacional de Itacar\u00e9 e da Creche Joserinda Pereira. O projeto inclui melhorias estruturais, moderniza\u00e7\u00e3o dos espa\u00e7os pedag\u00f3gicos e adapta\u00e7\u00f5es que garantir\u00e3o mais seguran\u00e7a, conforto e qualidade no processo de ensino e aprendizagem. As obras fazem parte do conjunto de investimentos que a gest\u00e3o vem realizando para valorizar a [&hellip;]<\/p>\n","protected":false},"author":2,"featured_media":141612,"comment_status":"closed","ping_status":"open","sticky":false,"template":"","format":"standard","meta":[],"categories":[8],"tags":[],"_links":{"self":[{"href":"https:\/\/www.barragrande24horas.com.br\/v1\/wp-json\/wp\/v2\/posts\/141610"}],"collection":[{"href":"https:\/\/www.barragrande24horas.com.br\/v1\/wp-json\/wp\/v2\/posts"}],"about":[{"href":"https:\/\/www.barragrande24horas.com.br\/v1\/wp-json\/wp\/v2\/types\/post"}],"author":[{"embeddable":true,"href":"https:\/\/www.barragrande24horas.com.br\/v1\/wp-json\/wp\/v2\/users\/2"}],"replies":[{"embeddable":true,"href":"https:\/\/www.barragrande24horas.com.br\/v1\/wp-json\/wp\/v2\/comments?post=141610"}],"version-history":[{"count":1,"href":"https:\/\/www.barragrande24horas.com.br\/v1\/wp-json\/wp\/v2\/posts\/141610\/revisions"}],"predecessor-version":[{"id":141613,"href":"https:\/\/www.barragrande24horas.com.br\/v1\/wp-json\/wp\/v2\/posts\/141610\/revisions\/141613"}],"wp:featuredmedia":[{"embeddable":true,"href":"https:\/\/www.barragrande24horas.com.br\/v1\/wp-json\/wp\/v2\/media\/141612"}],"wp:attachment":[{"href":"https:\/\/www.barragrande24horas.com.br\/v1\/wp-json\/wp\/v2\/media?parent=141610"}],"wp:term":[{"taxonomy":"category","embeddable":true,"href":"https:\/\/www.barragrande24horas.com.br\/v1\/wp-json\/wp\/v2\/categories?post=141610"},{"taxonomy":"post_tag","embeddable":true,"href":"https:\/\/www.barragrande24horas.com.br\/v1\/wp-json\/wp\/v2\/tags?post=141610"}],"curies":[{"name":"wp","href":"https:\/\/api.w.org\/{rel}","templated":true}]}}