{"id":141584,"date":"2025-11-17T22:29:34","date_gmt":"2025-11-18T01:29:34","guid":{"rendered":"https:\/\/www.barragrande24horas.com.br\/v1\/?p=141584"},"modified":"2025-11-17T22:29:34","modified_gmt":"2025-11-18T01:29:34","slug":"diogo-nogueira-e-confirmado-como-segunda-atracao-do-itacare-samba-festival-2025","status":"publish","type":"post","link":"https:\/\/www.barragrande24horas.com.br\/v1\/2025\/11\/17\/diogo-nogueira-e-confirmado-como-segunda-atracao-do-itacare-samba-festival-2025\/","title":{"rendered":"DIOGO NOGUEIRA \u00c9 CONFIRMADO COMO SEGUNDA ATRA\u00c7\u00c3O DO ITACAR\u00c9 SAMBA FESTIVAL 2025"},"content":{"rendered":"<p class=\"p1\" style=\"text-align: justify;\"><span class=\"s1\">A Prefeitura de Itacar\u00e9 confirmou o cantor <\/span><span class=\"s2\">Diogo Nogueira<\/span><span class=\"s1\"> como a segunda atra\u00e7\u00e3o do <\/span><span class=\"s2\">Itacar\u00e9 Samba Festival 2025<\/span><span class=\"s1\">, que acontece nos dias <\/span><span class=\"s2\">19 e 20 de dezembro<\/span><span class=\"s1\">. O artista se junta a Tiee, j\u00e1 anunciado, fortalecendo a proposta do munic\u00edpio de realizar eventos de grande porte e relev\u00e2ncia nacional.<\/span><\/p>\n<p><img loading=\"lazy\" class=\"aligncenter wp-image-141577 size-full\" src=\"https:\/\/www.barragrande24horas.com.br\/v1\/wp-content\/uploads\/2025\/11\/8b3d4e87-8855-4fa0-8b03-5166c4331867.jpeg\" alt=\"\" width=\"800\" height=\"1000\" srcset=\"https:\/\/www.barragrande24horas.com.br\/v1\/wp-content\/uploads\/2025\/11\/8b3d4e87-8855-4fa0-8b03-5166c4331867.jpeg 800w, https:\/\/www.barragrande24horas.com.br\/v1\/wp-content\/uploads\/2025\/11\/8b3d4e87-8855-4fa0-8b03-5166c4331867-240x300.jpeg 240w, https:\/\/www.barragrande24horas.com.br\/v1\/wp-content\/uploads\/2025\/11\/8b3d4e87-8855-4fa0-8b03-5166c4331867-768x960.jpeg 768w\" sizes=\"(max-width: 800px) 100vw, 800px\" \/><\/p>\n<p class=\"p1\" style=\"text-align: justify;\"><span class=\"s1\">Reconhecido como um dos principais nomes do samba contempor\u00e2neo, Diogo Nogueira traz para Itacar\u00e9 sucessos que marcaram sua trajet\u00f3ria, entre eles <\/span><span class=\"s2\">\u201cP\u00e9 na Areia\u201d<\/span><span class=\"s1\">, al\u00e9m de hits como \u201cClareou\u201d e \u201cAlma Bo\u00eamia\u201d, prometendo um espet\u00e1culo vibrante e de alto n\u00edvel para o p\u00fablico do festival.<\/span><\/p>\n<p class=\"p1\" style=\"text-align: justify;\"><span class=\"s1\">A confirma\u00e7\u00e3o integra as a\u00e7\u00f5es da gest\u00e3o do <\/span><span class=\"s2\">prefeito Nego de Saronga<\/span><span class=\"s1\">, que tem ampliado o calend\u00e1rio de atra\u00e7\u00f5es culturais, impulsionado o turismo e consolidado Itacar\u00e9 como refer\u00eancia baiana na realiza\u00e7\u00e3o de eventos que fortalecem a economia, geram oportunidades e projetam a cidade nacionalmente.<\/span><\/p>\n<p class=\"p1\" style=\"text-align: justify;\"><span class=\"s1\">O festival \u00e9 uma realiza\u00e7\u00e3o da <\/span><span class=\"s2\">Prefeitura de Itacar\u00e9<\/span><span class=\"s1\">, por meio da Secretaria Municipal de Turismo, com apoio da C\u00e2mara de Vereadores, Governo do Estado e Minist\u00e9rio do Turismo.<\/span><\/p>\n","protected":false},"excerpt":{"rendered":"<p>A Prefeitura de Itacar\u00e9 confirmou o cantor Diogo Nogueira como a segunda atra\u00e7\u00e3o do Itacar\u00e9 Samba Festival 2025, que acontece nos dias 19 e 20 de dezembro. O artista se junta a Tiee, j\u00e1 anunciado, fortalecendo a proposta do munic\u00edpio de realizar eventos de grande porte e relev\u00e2ncia nacional. Reconhecido como um dos principais nomes do samba contempor\u00e2neo, Diogo Nogueira traz para Itacar\u00e9 sucessos que marcaram sua trajet\u00f3ria, entre eles \u201cP\u00e9 na Areia\u201d, al\u00e9m de hits como \u201cClareou\u201d e \u201cAlma Bo\u00eamia\u201d, prometendo um espet\u00e1culo vibrante e de alto n\u00edvel para o p\u00fablico do festival. A confirma\u00e7\u00e3o integra as a\u00e7\u00f5es da [&hellip;]<\/p>\n","protected":false},"author":2,"featured_media":141577,"comment_status":"closed","ping_status":"open","sticky":false,"template":"","format":"standard","meta":[],"categories":[23],"tags":[],"_links":{"self":[{"href":"https:\/\/www.barragrande24horas.com.br\/v1\/wp-json\/wp\/v2\/posts\/141584"}],"collection":[{"href":"https:\/\/www.barragrande24horas.com.br\/v1\/wp-json\/wp\/v2\/posts"}],"about":[{"href":"https:\/\/www.barragrande24horas.com.br\/v1\/wp-json\/wp\/v2\/types\/post"}],"author":[{"embeddable":true,"href":"https:\/\/www.barragrande24horas.com.br\/v1\/wp-json\/wp\/v2\/users\/2"}],"replies":[{"embeddable":true,"href":"https:\/\/www.barragrande24horas.com.br\/v1\/wp-json\/wp\/v2\/comments?post=141584"}],"version-history":[{"count":1,"href":"https:\/\/www.barragrande24horas.com.br\/v1\/wp-json\/wp\/v2\/posts\/141584\/revisions"}],"predecessor-version":[{"id":141585,"href":"https:\/\/www.barragrande24horas.com.br\/v1\/wp-json\/wp\/v2\/posts\/141584\/revisions\/141585"}],"wp:featuredmedia":[{"embeddable":true,"href":"https:\/\/www.barragrande24horas.com.br\/v1\/wp-json\/wp\/v2\/media\/141577"}],"wp:attachment":[{"href":"https:\/\/www.barragrande24horas.com.br\/v1\/wp-json\/wp\/v2\/media?parent=141584"}],"wp:term":[{"taxonomy":"category","embeddable":true,"href":"https:\/\/www.barragrande24horas.com.br\/v1\/wp-json\/wp\/v2\/categories?post=141584"},{"taxonomy":"post_tag","embeddable":true,"href":"https:\/\/www.barragrande24horas.com.br\/v1\/wp-json\/wp\/v2\/tags?post=141584"}],"curies":[{"name":"wp","href":"https:\/\/api.w.org\/{rel}","templated":true}]}}