{"id":141576,"date":"2025-11-17T22:36:01","date_gmt":"2025-11-18T01:36:01","guid":{"rendered":"https:\/\/www.barragrande24horas.com.br\/v1\/?p=141576"},"modified":"2025-11-17T22:36:01","modified_gmt":"2025-11-18T01:36:01","slug":"barra-grande-abre-o-verao-com-a-primeira-lavagem-do-pier-e-show-de-leo-do-estakazero","status":"publish","type":"post","link":"https:\/\/www.barragrande24horas.com.br\/v1\/2025\/11\/17\/barra-grande-abre-o-verao-com-a-primeira-lavagem-do-pier-e-show-de-leo-do-estakazero\/","title":{"rendered":"BARRA GRANDE ABRE O VER\u00c3O COM A PRIMEIRA LAVAGEM DO P\u00cdER E SHOW DE L\u00c9O DO ESTAKAZERO"},"content":{"rendered":"<p class=\"p1\" style=\"text-align: justify;\"><span class=\"s1\">Barra Grande vai abrir oficialmente o ver\u00e3o com um evento hist\u00f3rico: no dia <\/span><span class=\"s2\">13 de dezembro, \u00e0s 11h<\/span><span class=\"s1\">, acontece a <\/span><span class=\"s2\">primeira edi\u00e7\u00e3o da Lavagem do P\u00eder<\/span><span class=\"s1\">, uma celebra\u00e7\u00e3o que une f\u00e9, cultura e a verdadeira ess\u00eancia da Bahia.<\/span><\/p>\n<p><img loading=\"lazy\" class=\"aligncenter wp-image-141588 size-full\" src=\"https:\/\/www.barragrande24horas.com.br\/v1\/wp-content\/uploads\/2025\/11\/3ea738e1-2483-485f-9f12-593db3f22af9.jpeg\" alt=\"\" width=\"750\" height=\"1000\" srcset=\"https:\/\/www.barragrande24horas.com.br\/v1\/wp-content\/uploads\/2025\/11\/3ea738e1-2483-485f-9f12-593db3f22af9.jpeg 750w, https:\/\/www.barragrande24horas.com.br\/v1\/wp-content\/uploads\/2025\/11\/3ea738e1-2483-485f-9f12-593db3f22af9-225x300.jpeg 225w\" sizes=\"(max-width: 750px) 100vw, 750px\" \/><\/p>\n<p class=\"p1\" style=\"text-align: justify;\"><span class=\"s1\">Realizada pela <\/span><span class=\"s2\">Prefeitura de Mara\u00fa<\/span><span class=\"s1\">, atrav\u00e9s da <\/span><span class=\"s2\">Secretaria de Turismo<\/span><span class=\"s1\">, a Lavagem chega para refor\u00e7ar a valoriza\u00e7\u00e3o das tradi\u00e7\u00f5es, fomentar o turismo e inaugurar um novo ciclo de eventos culturais no munic\u00edpio. A proposta \u00e9 estabelecer um calend\u00e1rio permanente de atra\u00e7\u00f5es, impulsionando a economia local e movimentando ainda mais a Pen\u00ednsula durante o ano inteiro.<\/span><\/p>\n<p><img loading=\"lazy\" class=\"aligncenter wp-image-141589 size-full\" src=\"https:\/\/www.barragrande24horas.com.br\/v1\/wp-content\/uploads\/2025\/11\/4357d803-7f15-4f12-88a6-14140f0bb340.jpeg\" alt=\"\" width=\"750\" height=\"1000\" srcset=\"https:\/\/www.barragrande24horas.com.br\/v1\/wp-content\/uploads\/2025\/11\/4357d803-7f15-4f12-88a6-14140f0bb340.jpeg 750w, https:\/\/www.barragrande24horas.com.br\/v1\/wp-content\/uploads\/2025\/11\/4357d803-7f15-4f12-88a6-14140f0bb340-225x300.jpeg 225w\" sizes=\"(max-width: 750px) 100vw, 750px\" \/><\/p>\n<p class=\"p1\" style=\"text-align: justify;\"><span class=\"s1\">Nesta estreia, o evento traz um toque marcante de baianidade: a presen\u00e7a das baianas, seus rituais e a simb\u00f3lica purifica\u00e7\u00e3o do p\u00eder, que promete emocionar moradores e visitantes. Uma celebra\u00e7\u00e3o rica, visualmente forte e que resgata a identidade que faz da Bahia um lugar \u00fanico.<\/span><\/p>\n<p class=\"p1\" style=\"text-align: justify;\"><span class=\"s1\">E o grande destaque musical vem para coroar esse momento: <\/span><span class=\"s2\">L\u00e9o do Estakazero apresenta o projeto EstakaN\u00e1gua<\/span><span class=\"s1\">, com um show exclusivo <\/span><span class=\"s2\">diretamente do veleiro Estakan\u00e1gua<\/span><span class=\"s1\">, ancorado nas \u00e1guas cristalinas de Barra Grande. Um espet\u00e1culo in\u00e9dito, vibrante e cercado pela natureza, perfeito para dar as boas-vindas ao ver\u00e3o com muito ax\u00e9 e alegria.<\/span><\/p>\n<p class=\"p1\" style=\"text-align: justify;\"><span class=\"s1\">A Prefeitura de Mara\u00fa refor\u00e7a que iniciativas como essa s\u00e3o essenciais para fortalecer a cultura local, ampliar a oferta de entretenimento e atrair visitantes, consolidando Barra Grande como um dos destinos mais desejados da Bahia.<\/span><\/p>\n<p class=\"p1\" style=\"text-align: justify;\"><span class=\"s1\">A Lavagem do P\u00eder \u00e9 apenas o primeiro passo \u2014 e promete entrar para o calend\u00e1rio oficial como um dos grandes marcos do ver\u00e3o na Pen\u00ednsula.<\/span><\/p>\n","protected":false},"excerpt":{"rendered":"<p>Barra Grande vai abrir oficialmente o ver\u00e3o com um evento hist\u00f3rico: no dia 13 de dezembro, \u00e0s 11h, acontece a primeira edi\u00e7\u00e3o da Lavagem do P\u00eder, uma celebra\u00e7\u00e3o que une f\u00e9, cultura e a verdadeira ess\u00eancia da Bahia. Realizada pela Prefeitura de Mara\u00fa, atrav\u00e9s da Secretaria de Turismo, a Lavagem chega para refor\u00e7ar a valoriza\u00e7\u00e3o das tradi\u00e7\u00f5es, fomentar o turismo e inaugurar um novo ciclo de eventos culturais no munic\u00edpio. A proposta \u00e9 estabelecer um calend\u00e1rio permanente de atra\u00e7\u00f5es, impulsionando a economia local e movimentando ainda mais a Pen\u00ednsula durante o ano inteiro. Nesta estreia, o evento traz um toque [&hellip;]<\/p>\n","protected":false},"author":2,"featured_media":141587,"comment_status":"closed","ping_status":"open","sticky":false,"template":"","format":"standard","meta":[],"categories":[24],"tags":[],"_links":{"self":[{"href":"https:\/\/www.barragrande24horas.com.br\/v1\/wp-json\/wp\/v2\/posts\/141576"}],"collection":[{"href":"https:\/\/www.barragrande24horas.com.br\/v1\/wp-json\/wp\/v2\/posts"}],"about":[{"href":"https:\/\/www.barragrande24horas.com.br\/v1\/wp-json\/wp\/v2\/types\/post"}],"author":[{"embeddable":true,"href":"https:\/\/www.barragrande24horas.com.br\/v1\/wp-json\/wp\/v2\/users\/2"}],"replies":[{"embeddable":true,"href":"https:\/\/www.barragrande24horas.com.br\/v1\/wp-json\/wp\/v2\/comments?post=141576"}],"version-history":[{"count":2,"href":"https:\/\/www.barragrande24horas.com.br\/v1\/wp-json\/wp\/v2\/posts\/141576\/revisions"}],"predecessor-version":[{"id":141590,"href":"https:\/\/www.barragrande24horas.com.br\/v1\/wp-json\/wp\/v2\/posts\/141576\/revisions\/141590"}],"wp:featuredmedia":[{"embeddable":true,"href":"https:\/\/www.barragrande24horas.com.br\/v1\/wp-json\/wp\/v2\/media\/141587"}],"wp:attachment":[{"href":"https:\/\/www.barragrande24horas.com.br\/v1\/wp-json\/wp\/v2\/media?parent=141576"}],"wp:term":[{"taxonomy":"category","embeddable":true,"href":"https:\/\/www.barragrande24horas.com.br\/v1\/wp-json\/wp\/v2\/categories?post=141576"},{"taxonomy":"post_tag","embeddable":true,"href":"https:\/\/www.barragrande24horas.com.br\/v1\/wp-json\/wp\/v2\/tags?post=141576"}],"curies":[{"name":"wp","href":"https:\/\/api.w.org\/{rel}","templated":true}]}}