{"id":141572,"date":"2025-11-13T10:47:08","date_gmt":"2025-11-13T13:47:08","guid":{"rendered":"https:\/\/www.barragrande24horas.com.br\/v1\/?p=141572"},"modified":"2025-11-13T10:47:08","modified_gmt":"2025-11-13T13:47:08","slug":"prefeito-nego-de-saronga-assina-parceria-que-integra-itacare-a-onu-e-ao-sistema-nacional-de-alertas","status":"publish","type":"post","link":"https:\/\/www.barragrande24horas.com.br\/v1\/2025\/11\/13\/prefeito-nego-de-saronga-assina-parceria-que-integra-itacare-a-onu-e-ao-sistema-nacional-de-alertas\/","title":{"rendered":"PREFEITO NEGO DE SARONGA ASSINA PARCERIA QUE INTEGRA ITACAR\u00c9 \u00c0 ONU E AO SISTEMA NACIONAL DE ALERTAS"},"content":{"rendered":"<p class=\"p1\" style=\"text-align: justify;\"><span class=\"s1\">A Prefeitura de Itacar\u00e9 reafirmou seu compromisso com a constru\u00e7\u00e3o de uma cidade mais segura e preparada ao assinar a Carta de Compromisso para ades\u00e3o \u00e0 iniciativa internacional <\/span><span class=\"s2\">MCR2030 \u2013 Construindo Cidades Resilientes<\/span><span class=\"s1\">, promovida pela <\/span><span class=\"s2\">ONU<\/span><span class=\"s1\">. A a\u00e7\u00e3o alinha o munic\u00edpio \u00e0s melhores pr\u00e1ticas globais de preven\u00e7\u00e3o e redu\u00e7\u00e3o de riscos de desastres e fortalece a gest\u00e3o local de prote\u00e7\u00e3o e defesa civil.<\/span><\/p>\n<p class=\"p1\" style=\"text-align: justify;\"><span class=\"s1\"><img loading=\"lazy\" class=\"aligncenter wp-image-141574 size-full\" src=\"https:\/\/www.barragrande24horas.com.br\/v1\/wp-content\/uploads\/2025\/11\/IMG_9104.jpeg\" alt=\"\" width=\"800\" height=\"600\" srcset=\"https:\/\/www.barragrande24horas.com.br\/v1\/wp-content\/uploads\/2025\/11\/IMG_9104.jpeg 800w, https:\/\/www.barragrande24horas.com.br\/v1\/wp-content\/uploads\/2025\/11\/IMG_9104-300x225.jpeg 300w, https:\/\/www.barragrande24horas.com.br\/v1\/wp-content\/uploads\/2025\/11\/IMG_9104-768x576.jpeg 768w, https:\/\/www.barragrande24horas.com.br\/v1\/wp-content\/uploads\/2025\/11\/IMG_9104-180x135.jpeg 180w, https:\/\/www.barragrande24horas.com.br\/v1\/wp-content\/uploads\/2025\/11\/IMG_9104-400x300.jpeg 400w, https:\/\/www.barragrande24horas.com.br\/v1\/wp-content\/uploads\/2025\/11\/IMG_9104-600x450.jpeg 600w\" sizes=\"(max-width: 800px) 100vw, 800px\" \/><br \/>\nAl\u00e9m disso, Itacar\u00e9 foi cadastrada na plataforma <\/span><span class=\"s2\">IDAP<\/span><span class=\"s1\">, que aprimora a emiss\u00e3o de alertas e amplia a capacidade de resposta em situa\u00e7\u00f5es de risco. As a\u00e7\u00f5es fazem parte da parceria com a <\/span><span class=\"s2\">Defesa Civil do Estado da Bahia<\/span><span class=\"s1\">, por meio do programa <\/span><span class=\"s2\">Defesa Civil Itinerante<\/span><span class=\"s1\">, que est\u00e1 na cidade oferecendo apoio t\u00e9cnico e orientando a elabora\u00e7\u00e3o dos <\/span><span class=\"s2\">Planos de Conting\u00eancia<\/span><span class=\"s1\"> dos bairros Novo e Passagem.<\/span><\/p>\n<p class=\"p1\" style=\"text-align: justify;\"><span class=\"s1\">Outro avan\u00e7o \u00e9 a cria\u00e7\u00e3o dos <\/span><span class=\"s2\">N\u00facleos Comunit\u00e1rios de Prote\u00e7\u00e3o e Defesa Civil (NUPDECs)<\/span><span class=\"s1\">, que v\u00e3o fortalecer a participa\u00e7\u00e3o dos moradores nas a\u00e7\u00f5es de preven\u00e7\u00e3o e resposta.<\/span><\/p>\n<p class=\"p1\" style=\"text-align: justify;\"><span class=\"s1\">As assinaturas foram realizadas pelo prefeito <\/span><span class=\"s2\">Nego de Saronga (PT)<\/span><span class=\"s1\">, com a presen\u00e7a da secret\u00e1ria de Desenvolvimento Urbano <\/span><span class=\"s2\">Len\u00e9cia Freitas<\/span><span class=\"s1\">, do secret\u00e1rio de Comunica\u00e7\u00e3o <\/span><span class=\"s2\">Albert Queiroz<\/span><span class=\"s1\"> e do ouvidor geral <\/span><span class=\"s2\">Cleiton Melo<\/span><span class=\"s1\">. Nesta quinta-feira, a Defesa Civil Estadual realiza uma reuni\u00e3o com o secretariado municipal para alinhar estrat\u00e9gias e fortalecer a constru\u00e7\u00e3o de uma <\/span><span class=\"s2\">Itacar\u00e9 mais segura e resiliente<\/span><span class=\"s1\">.<\/span><\/p>\n","protected":false},"excerpt":{"rendered":"<p>A Prefeitura de Itacar\u00e9 reafirmou seu compromisso com a constru\u00e7\u00e3o de uma cidade mais segura e preparada ao assinar a Carta de Compromisso para ades\u00e3o \u00e0 iniciativa internacional MCR2030 \u2013 Construindo Cidades Resilientes, promovida pela ONU. A a\u00e7\u00e3o alinha o munic\u00edpio \u00e0s melhores pr\u00e1ticas globais de preven\u00e7\u00e3o e redu\u00e7\u00e3o de riscos de desastres e fortalece a gest\u00e3o local de prote\u00e7\u00e3o e defesa civil. Al\u00e9m disso, Itacar\u00e9 foi cadastrada na plataforma IDAP, que aprimora a emiss\u00e3o de alertas e amplia a capacidade de resposta em situa\u00e7\u00f5es de risco. As a\u00e7\u00f5es fazem parte da parceria com a Defesa Civil do Estado da [&hellip;]<\/p>\n","protected":false},"author":2,"featured_media":141573,"comment_status":"closed","ping_status":"open","sticky":false,"template":"","format":"standard","meta":[],"categories":[8],"tags":[],"_links":{"self":[{"href":"https:\/\/www.barragrande24horas.com.br\/v1\/wp-json\/wp\/v2\/posts\/141572"}],"collection":[{"href":"https:\/\/www.barragrande24horas.com.br\/v1\/wp-json\/wp\/v2\/posts"}],"about":[{"href":"https:\/\/www.barragrande24horas.com.br\/v1\/wp-json\/wp\/v2\/types\/post"}],"author":[{"embeddable":true,"href":"https:\/\/www.barragrande24horas.com.br\/v1\/wp-json\/wp\/v2\/users\/2"}],"replies":[{"embeddable":true,"href":"https:\/\/www.barragrande24horas.com.br\/v1\/wp-json\/wp\/v2\/comments?post=141572"}],"version-history":[{"count":1,"href":"https:\/\/www.barragrande24horas.com.br\/v1\/wp-json\/wp\/v2\/posts\/141572\/revisions"}],"predecessor-version":[{"id":141575,"href":"https:\/\/www.barragrande24horas.com.br\/v1\/wp-json\/wp\/v2\/posts\/141572\/revisions\/141575"}],"wp:featuredmedia":[{"embeddable":true,"href":"https:\/\/www.barragrande24horas.com.br\/v1\/wp-json\/wp\/v2\/media\/141573"}],"wp:attachment":[{"href":"https:\/\/www.barragrande24horas.com.br\/v1\/wp-json\/wp\/v2\/media?parent=141572"}],"wp:term":[{"taxonomy":"category","embeddable":true,"href":"https:\/\/www.barragrande24horas.com.br\/v1\/wp-json\/wp\/v2\/categories?post=141572"},{"taxonomy":"post_tag","embeddable":true,"href":"https:\/\/www.barragrande24horas.com.br\/v1\/wp-json\/wp\/v2\/tags?post=141572"}],"curies":[{"name":"wp","href":"https:\/\/api.w.org\/{rel}","templated":true}]}}