{"id":141568,"date":"2025-11-12T16:10:01","date_gmt":"2025-11-12T19:10:01","guid":{"rendered":"https:\/\/www.barragrande24horas.com.br\/v1\/?p=141568"},"modified":"2025-11-12T16:10:01","modified_gmt":"2025-11-12T19:10:01","slug":"gracinha-viana-intensifica-articulacoes-em-salvador-para-tirar-do-papel-importantes-obras-em-ubaitaba","status":"publish","type":"post","link":"https:\/\/www.barragrande24horas.com.br\/v1\/2025\/11\/12\/gracinha-viana-intensifica-articulacoes-em-salvador-para-tirar-do-papel-importantes-obras-em-ubaitaba\/","title":{"rendered":"GRACINHA VIANA INTENSIFICA ARTICULA\u00c7\u00d5ES EM SALVADOR PARA TIRAR DO PAPEL IMPORTANTES OBRAS EM UBAITABA"},"content":{"rendered":"<p class=\"p1\" style=\"text-align: justify;\"><span class=\"s1\">A prefeita <\/span><span class=\"s2\">Gracinha Viana<\/span><span class=\"s1\"> cumpriu uma agenda intensa em <\/span><span class=\"s2\">Salvador<\/span><span class=\"s1\"> nesta semana, participando de audi\u00eancias em \u00f3rg\u00e3os do Governo do Estado em busca de avan\u00e7os para importantes obras em <\/span><span class=\"s2\">Ubaitaba<\/span><span class=\"s1\">.<\/span><\/p>\n<p class=\"p1\" style=\"text-align: justify;\"><span class=\"s1\">Na <\/span><span class=\"s2\"><b>CONDER<\/b><\/span><span class=\"s1\">, Gracinha foi recebida pelo presidente <\/span><span class=\"s2\">Jos\u00e9 Trindade<\/span><span class=\"s1\">, onde tratou da <\/span><span class=\"s2\">revitaliza\u00e7\u00e3o da Avenida Beira Rio<\/span><span class=\"s1\"> e das <\/span><span class=\"s2\">obras de pavimenta\u00e7\u00e3o e conten\u00e7\u00e3o do bairro Zit\u00e3o<\/span><span class=\"s1\">, demandas aguardadas h\u00e1 anos pela popula\u00e7\u00e3o.<\/span><\/p>\n<p><img loading=\"lazy\" class=\"aligncenter wp-image-141569 size-full\" src=\"https:\/\/www.barragrande24horas.com.br\/v1\/wp-content\/uploads\/2025\/11\/898c61a0-43fe-4661-9f9e-8c72cc64476b.jpeg\" alt=\"\" width=\"800\" height=\"600\" srcset=\"https:\/\/www.barragrande24horas.com.br\/v1\/wp-content\/uploads\/2025\/11\/898c61a0-43fe-4661-9f9e-8c72cc64476b.jpeg 800w, https:\/\/www.barragrande24horas.com.br\/v1\/wp-content\/uploads\/2025\/11\/898c61a0-43fe-4661-9f9e-8c72cc64476b-300x225.jpeg 300w, https:\/\/www.barragrande24horas.com.br\/v1\/wp-content\/uploads\/2025\/11\/898c61a0-43fe-4661-9f9e-8c72cc64476b-768x576.jpeg 768w, https:\/\/www.barragrande24horas.com.br\/v1\/wp-content\/uploads\/2025\/11\/898c61a0-43fe-4661-9f9e-8c72cc64476b-180x135.jpeg 180w, https:\/\/www.barragrande24horas.com.br\/v1\/wp-content\/uploads\/2025\/11\/898c61a0-43fe-4661-9f9e-8c72cc64476b-400x300.jpeg 400w, https:\/\/www.barragrande24horas.com.br\/v1\/wp-content\/uploads\/2025\/11\/898c61a0-43fe-4661-9f9e-8c72cc64476b-600x450.jpeg 600w\" sizes=\"(max-width: 800px) 100vw, 800px\" \/><\/p>\n<p class=\"p1\" style=\"text-align: justify;\"><span class=\"s1\">\u201cNosso compromisso \u00e9 continuar buscando, onde for preciso, os recursos e parcerias que garantam mais infraestrutura e qualidade de vida para o povo de Ubaitaba\u201d, destacou a prefeita.<\/span><\/p>\n<p class=\"p1\" style=\"text-align: justify;\"><span class=\"s1\">Na <\/span><span class=\"s2\"><b>SUDESB<\/b><\/span><span class=\"s1\">, a gestora se reuniu com o diretor-geral <\/span><span class=\"s2\">Vicente Jos\u00e9 de Lima Neto<\/span><span class=\"s1\"> e o chefe de gabinete <\/span><span class=\"s2\">Diogo Rios Amaral<\/span><span class=\"s1\">, discutindo o projeto do <\/span><span class=\"s2\">est\u00e1dio municipal<\/span><span class=\"s1\">, um sonho antigo dos desportistas ubaitabenses.<\/span><\/p>\n<p class=\"p1\" style=\"text-align: justify;\"><span class=\"s1\">Em todas as agendas, Gracinha esteve acompanhada do <\/span><span class=\"s2\">deputado estadual Niltinho<\/span><span class=\"s1\">, parceiro importante na articula\u00e7\u00e3o de projetos para o munic\u00edpio.<\/span><\/p>\n<p class=\"p1\" style=\"text-align: justify;\"><span class=\"s1\">\u201cSeguimos firmes, com o apoio do deputado Niltinho e do Governo do Estado, buscando destravar obras que representam mais progresso e dignidade para nossa gente\u201d, afirmou a prefeita.<\/span><\/p>\n","protected":false},"excerpt":{"rendered":"<p>A prefeita Gracinha Viana cumpriu uma agenda intensa em Salvador nesta semana, participando de audi\u00eancias em \u00f3rg\u00e3os do Governo do Estado em busca de avan\u00e7os para importantes obras em Ubaitaba. Na CONDER, Gracinha foi recebida pelo presidente Jos\u00e9 Trindade, onde tratou da revitaliza\u00e7\u00e3o da Avenida Beira Rio e das obras de pavimenta\u00e7\u00e3o e conten\u00e7\u00e3o do bairro Zit\u00e3o, demandas aguardadas h\u00e1 anos pela popula\u00e7\u00e3o. \u201cNosso compromisso \u00e9 continuar buscando, onde for preciso, os recursos e parcerias que garantam mais infraestrutura e qualidade de vida para o povo de Ubaitaba\u201d, destacou a prefeita. Na SUDESB, a gestora se reuniu com o diretor-geral [&hellip;]<\/p>\n","protected":false},"author":2,"featured_media":141570,"comment_status":"closed","ping_status":"open","sticky":false,"template":"","format":"standard","meta":[],"categories":[11],"tags":[],"_links":{"self":[{"href":"https:\/\/www.barragrande24horas.com.br\/v1\/wp-json\/wp\/v2\/posts\/141568"}],"collection":[{"href":"https:\/\/www.barragrande24horas.com.br\/v1\/wp-json\/wp\/v2\/posts"}],"about":[{"href":"https:\/\/www.barragrande24horas.com.br\/v1\/wp-json\/wp\/v2\/types\/post"}],"author":[{"embeddable":true,"href":"https:\/\/www.barragrande24horas.com.br\/v1\/wp-json\/wp\/v2\/users\/2"}],"replies":[{"embeddable":true,"href":"https:\/\/www.barragrande24horas.com.br\/v1\/wp-json\/wp\/v2\/comments?post=141568"}],"version-history":[{"count":1,"href":"https:\/\/www.barragrande24horas.com.br\/v1\/wp-json\/wp\/v2\/posts\/141568\/revisions"}],"predecessor-version":[{"id":141571,"href":"https:\/\/www.barragrande24horas.com.br\/v1\/wp-json\/wp\/v2\/posts\/141568\/revisions\/141571"}],"wp:featuredmedia":[{"embeddable":true,"href":"https:\/\/www.barragrande24horas.com.br\/v1\/wp-json\/wp\/v2\/media\/141570"}],"wp:attachment":[{"href":"https:\/\/www.barragrande24horas.com.br\/v1\/wp-json\/wp\/v2\/media?parent=141568"}],"wp:term":[{"taxonomy":"category","embeddable":true,"href":"https:\/\/www.barragrande24horas.com.br\/v1\/wp-json\/wp\/v2\/categories?post=141568"},{"taxonomy":"post_tag","embeddable":true,"href":"https:\/\/www.barragrande24horas.com.br\/v1\/wp-json\/wp\/v2\/tags?post=141568"}],"curies":[{"name":"wp","href":"https:\/\/api.w.org\/{rel}","templated":true}]}}